{"id":7263,"date":"2023-02-25T07:47:24","date_gmt":"2023-02-25T06:47:24","guid":{"rendered":"https:\/\/blogs.elcomercio.es\/retorcida-realidad\/?p=7263"},"modified":"2023-02-25T07:48:59","modified_gmt":"2023-02-25T06:48:59","slug":"tomas-el-incredulo","status":"publish","type":"post","link":"https:\/\/blogs.elcomercio.es\/retorcida-realidad\/2023\/02\/25\/tomas-el-incredulo\/","title":{"rendered":"Tom\u00e1s el incr\u00e9dulo."},"content":{"rendered":"<p><a href=\"https:\/\/static-blogs.elcomercio.es\/wp-content\/uploads\/sites\/4\/2023\/02\/81012285-624x415.jpg\"><img loading=\"lazy\" class=\"size-medium wp-image-7264 alignleft\" src=\"https:\/\/static-blogs.elcomercio.es\/wp-content\/uploads\/sites\/4\/2023\/02\/81012285-624x415-300x200.jpg\" alt=\"\" width=\"300\" height=\"200\" srcset=\"https:\/\/static-blogs.elcomercio.es\/wp-content\/uploads\/sites\/4\/2023\/02\/81012285-624x415-300x200.jpg 300w, https:\/\/static-blogs.elcomercio.es\/wp-content\/uploads\/sites\/4\/2023\/02\/81012285-624x415.jpg 624w\" sizes=\"(max-width: 300px) 100vw, 300px\" \/><\/a>Sin duda, el proyecto de Foro para El Muro es el que m\u00e1s debate est\u00e1 generando. El propuesto por el PSOE ya lo conoc\u00edamos. De hecho, fue presentado junto con IU a bombo y platillo durante la presente legislatura, hasta que decidi\u00f3 paralizarlo para abordar la redacci\u00f3n de un nuevo plan especial para la zona. <strong>La \u00fanica novedad ahora es la apuesta sin ambages por el doble carril circulatorio reversible, algo que a su socio de gobierno nunca le pareci\u00f3 bien.<\/strong> Incluso tuvieron un tira y afloja cuando esto fue ofrecido a Ciudadanos, como contraprestaci\u00f3n para aprobar el presupuesto municipal. Sin embargo, la apuesta del partido de <em>Carmen Moriy\u00f3n<\/em> por el soterramiento representa una soluci\u00f3n de mucho mayor calado y quiz\u00e1 definitiva. Se acabar\u00eda de una vez por todas con los debates sobre El Muro, en caso de realizarse. <strong>Ojo, no exenta de problemas t\u00e9cnicos, econ\u00f3micos y de credibilidad por parte de los gijoneses.<\/strong> Me explico. Aunque los t\u00e9cnicos (arquitectos e ingenieros) digan una cosa, la realidad suele decir lo contraria. Es decir, que este tipo de construcciones conlleva sorpresas a la hora de su ejecuci\u00f3n e incrementos de obra. Miren si no la variante de Pajares que ha costado m\u00e1s del doble de lo que se pensaba o la ampliaci\u00f3n del Musel que todav\u00eda est\u00e1 en juicios. Tambi\u00e9n tenemos el tema del dinero. Desde luego, si tiene que venir del Estado, en fin, aviados vamos. <strong>Vean lo que nos pasa con el vial de Jove.<\/strong> Por \u00faltimo, recordemos que Gij\u00f3n tiene dos patrones: San Pedro y el ap\u00f3stol Tom\u00e1s. Disc\u00edpulo directo de Jes\u00fas y conocido por su incredulidad. Aqu\u00ed su esp\u00edritu siempre est\u00e1 presente puesto que todo proyecto que pretende transformar la ciudad acaba mal. Ejemplo sangrante: el plan de v\u00edas. Por tanto, no me extra\u00f1a que muchas de las cr\u00edticas a Foro vengan por eso lado. <strong>O sea, de Tom\u00e1s el incr\u00e9dulo, nuestro segundo patr\u00f3n, repito, que dice que eso no es posible, visto los antecedentes que tenemos.<\/strong><\/p>\n<p><em><strong>@balbuenajm<\/strong><\/em><\/p>\n<!-- AddThis Advanced Settings generic via filter on the_content --><!-- AddThis Share Buttons generic via filter on the_content -->","protected":false},"excerpt":{"rendered":"<p>Sin duda, el proyecto de Foro para El Muro es el que m\u00e1s debate est\u00e1 generando. El propuesto por el PSOE ya lo conoc\u00edamos. De hecho, fue presentado junto con IU a bombo y platillo durante la presente legislatura, hasta que decidi\u00f3 paralizarlo para abordar la redacci\u00f3n de un nuevo plan especial para la zona. [&hellip;]<!-- AddThis Advanced Settings generic via filter on get_the_excerpt --><!-- AddThis Share Buttons generic via filter on get_the_excerpt --><\/p>\n","protected":false},"author":5,"featured_media":0,"comment_status":"open","ping_status":"open","sticky":false,"template":"","format":"standard","meta":[],"categories":[1],"tags":[312,459,236,17,126,23,351],"_links":{"self":[{"href":"https:\/\/blogs.elcomercio.es\/retorcida-realidad\/wp-json\/wp\/v2\/posts\/7263"}],"collection":[{"href":"https:\/\/blogs.elcomercio.es\/retorcida-realidad\/wp-json\/wp\/v2\/posts"}],"about":[{"href":"https:\/\/blogs.elcomercio.es\/retorcida-realidad\/wp-json\/wp\/v2\/types\/post"}],"author":[{"embeddable":true,"href":"https:\/\/blogs.elcomercio.es\/retorcida-realidad\/wp-json\/wp\/v2\/users\/5"}],"replies":[{"embeddable":true,"href":"https:\/\/blogs.elcomercio.es\/retorcida-realidad\/wp-json\/wp\/v2\/comments?post=7263"}],"version-history":[{"count":1,"href":"https:\/\/blogs.elcomercio.es\/retorcida-realidad\/wp-json\/wp\/v2\/posts\/7263\/revisions"}],"predecessor-version":[{"id":7265,"href":"https:\/\/blogs.elcomercio.es\/retorcida-realidad\/wp-json\/wp\/v2\/posts\/7263\/revisions\/7265"}],"wp:attachment":[{"href":"https:\/\/blogs.elcomercio.es\/retorcida-realidad\/wp-json\/wp\/v2\/media?parent=7263"}],"wp:term":[{"taxonomy":"category","embeddable":true,"href":"https:\/\/blogs.elcomercio.es\/retorcida-realidad\/wp-json\/wp\/v2\/categories?post=7263"},{"taxonomy":"post_tag","embeddable":true,"href":"https:\/\/blogs.elcomercio.es\/retorcida-realidad\/wp-json\/wp\/v2\/tags?post=7263"}],"curies":[{"name":"wp","href":"https:\/\/api.w.org\/{rel}","templated":true}]}}