{"id":7266,"date":"2023-02-28T07:47:13","date_gmt":"2023-02-28T06:47:13","guid":{"rendered":"https:\/\/blogs.elcomercio.es\/retorcida-realidad\/?p=7266"},"modified":"2023-02-28T07:47:13","modified_gmt":"2023-02-28T06:47:13","slug":"cambiar-el-chip","status":"publish","type":"post","link":"https:\/\/blogs.elcomercio.es\/retorcida-realidad\/2023\/02\/28\/cambiar-el-chip\/","title":{"rendered":"Cambiar el chip."},"content":{"rendered":"<p><a href=\"https:\/\/static-blogs.elcomercio.es\/wp-content\/uploads\/sites\/4\/2023\/02\/77594545-624x936.jpg\"><img loading=\"lazy\" class=\"size-medium wp-image-7267 alignleft\" src=\"https:\/\/static-blogs.elcomercio.es\/wp-content\/uploads\/sites\/4\/2023\/02\/77594545-624x936-200x300.jpg\" alt=\"\" width=\"200\" height=\"300\" srcset=\"https:\/\/static-blogs.elcomercio.es\/wp-content\/uploads\/sites\/4\/2023\/02\/77594545-624x936-200x300.jpg 200w, https:\/\/static-blogs.elcomercio.es\/wp-content\/uploads\/sites\/4\/2023\/02\/77594545-624x936.jpg 624w\" sizes=\"(max-width: 200px) 100vw, 200px\" \/><\/a>En los tiempos que uno estudiaba (paleol\u00edtico inferior) la Universidad era un bullicio de estudiantes. Ojo, no solo asturianos, sino tambi\u00e9n de otras comunidades. En concreto, eran muchos los que ven\u00edan de Castilla y Le\u00f3n. Todo eso, claro, ya cambi\u00f3. Es decir, cada comunidad o provincia tiene su propio campus con lo que la movilidad estudiantil es reducida, salvo que la carrera deseada no sea ofrecida en el lugar de origen. A esto es necesario unir nuestro declive demogr\u00e1fico. <strong>Las aulas est\u00e1n bajo m\u00ednimos, tal y como se vio en este inicio de curso.<\/strong> Proceso que ir\u00e1 a m\u00e1s, puesto que, a todas luces, no parece que revertir esta sangr\u00eda poblacional vaya a ser de hoy para ma\u00f1ana. Al Gij\u00f3n universitario eso le afecta especialmente. <strong>Llevamos ya muchos a\u00f1os intentando construir una residencia de estudiantes como complemento al campus con resultados negativos.<\/strong> Intentos fallidos en 2011 y 2015, junto con el \u00faltimo de 2019 donde el proyecto lleg\u00f3 a exhibirse con lujo de detalles. Sin embargo, nada sali\u00f3 adelante. A la iniciativa privada no le salen los n\u00fameros. Entre otras cosas, por las razones antes se\u00f1aladas. <strong>Somos una comunidad menguante y que apenas recibe alumnos. Nacionales o extranjeros.<\/strong> Con estos antecedentes, pues, tenemos que concluir que no va a resultar nada f\u00e1cil contar con este nuevo equipamiento, si no cambiamos el chip.<\/p>\n<p>En 2020 el proyecto volvi\u00f3 a la Universidad. Esto es, ser\u00eda quien se encargase de revitalizarlo, publicando incluso a finales de 2021 un estudio de viabilidad. Algo que el alza en los precios de los materiales se encarg\u00f3 de desmotar. <strong>O sea, convertirlo en papel mojado.<\/strong> Ahora desde la instituci\u00f3n acad\u00e9mica se plantean un nuevo modelo basado en una oferta, no solo en el \u00e1mbito universitario, sino tambi\u00e9n para la ciudad. En concreto, hablan de un uso hotelero. <strong>Idea que es necesario pulir pero que puede tener viabilidad de cara a enganchar al sector privado.<\/strong> \u00danica forma de que el campus gijon\u00e9s tenga una residencia. Eso s\u00ed, ser\u00eda necesario abrirla tambi\u00e9n al entorno tecnol\u00f3gico del Parque Cient\u00edfico y Tecnol\u00f3gico debido a su capacidad tractora. Igual esa residencia podr\u00eda valer tambi\u00e9n como lugar de acogida para quien visite cualquiera de las empresas que all\u00ed radican. <strong>En todo caso, es necesario innovar y las viejas ideas -un simple albergue de estudiantes- no parecen funcionar.<\/strong> Bienvenida sea esta aportaci\u00f3n si, al final, conseguimos este equipamiento.<\/p>\n<p><em><strong>@balbuenajm<\/strong><\/em><\/p>\n<!-- AddThis Advanced Settings generic via filter on the_content --><!-- AddThis Share Buttons generic via filter on the_content -->","protected":false},"excerpt":{"rendered":"<p>En los tiempos que uno estudiaba (paleol\u00edtico inferior) la Universidad era un bullicio de estudiantes. Ojo, no solo asturianos, sino tambi\u00e9n de otras comunidades. En concreto, eran muchos los que ven\u00edan de Castilla y Le\u00f3n. Todo eso, claro, ya cambi\u00f3. Es decir, cada comunidad o provincia tiene su propio campus con lo que la movilidad [&hellip;]<!-- AddThis Advanced Settings generic via filter on get_the_excerpt --><!-- AddThis Share Buttons generic via filter on get_the_excerpt --><\/p>\n","protected":false},"author":5,"featured_media":0,"comment_status":"open","ping_status":"open","sticky":false,"template":"","format":"standard","meta":[],"categories":[1],"tags":[312,1273,17,395,506],"_links":{"self":[{"href":"https:\/\/blogs.elcomercio.es\/retorcida-realidad\/wp-json\/wp\/v2\/posts\/7266"}],"collection":[{"href":"https:\/\/blogs.elcomercio.es\/retorcida-realidad\/wp-json\/wp\/v2\/posts"}],"about":[{"href":"https:\/\/blogs.elcomercio.es\/retorcida-realidad\/wp-json\/wp\/v2\/types\/post"}],"author":[{"embeddable":true,"href":"https:\/\/blogs.elcomercio.es\/retorcida-realidad\/wp-json\/wp\/v2\/users\/5"}],"replies":[{"embeddable":true,"href":"https:\/\/blogs.elcomercio.es\/retorcida-realidad\/wp-json\/wp\/v2\/comments?post=7266"}],"version-history":[{"count":1,"href":"https:\/\/blogs.elcomercio.es\/retorcida-realidad\/wp-json\/wp\/v2\/posts\/7266\/revisions"}],"predecessor-version":[{"id":7268,"href":"https:\/\/blogs.elcomercio.es\/retorcida-realidad\/wp-json\/wp\/v2\/posts\/7266\/revisions\/7268"}],"wp:attachment":[{"href":"https:\/\/blogs.elcomercio.es\/retorcida-realidad\/wp-json\/wp\/v2\/media?parent=7266"}],"wp:term":[{"taxonomy":"category","embeddable":true,"href":"https:\/\/blogs.elcomercio.es\/retorcida-realidad\/wp-json\/wp\/v2\/categories?post=7266"},{"taxonomy":"post_tag","embeddable":true,"href":"https:\/\/blogs.elcomercio.es\/retorcida-realidad\/wp-json\/wp\/v2\/tags?post=7266"}],"curies":[{"name":"wp","href":"https:\/\/api.w.org\/{rel}","templated":true}]}}