{"id":7300,"date":"2023-04-01T09:16:29","date_gmt":"2023-04-01T07:16:29","guid":{"rendered":"https:\/\/blogs.elcomercio.es\/retorcida-realidad\/?p=7300"},"modified":"2023-04-01T09:17:38","modified_gmt":"2023-04-01T07:17:38","slug":"mecanismos-de-defensa","status":"publish","type":"post","link":"https:\/\/blogs.elcomercio.es\/retorcida-realidad\/2023\/04\/01\/mecanismos-de-defensa\/","title":{"rendered":"Mecanismos de defensa."},"content":{"rendered":"<p><strong><a href=\"https:\/\/static-blogs.elcomercio.es\/wp-content\/uploads\/sites\/4\/2023\/04\/82243524-758x531.jpg\"><img loading=\"lazy\" class=\"size-medium wp-image-7301 alignleft\" src=\"https:\/\/static-blogs.elcomercio.es\/wp-content\/uploads\/sites\/4\/2023\/04\/82243524-758x531-300x210.jpg\" alt=\"\" width=\"300\" height=\"210\" srcset=\"https:\/\/static-blogs.elcomercio.es\/wp-content\/uploads\/sites\/4\/2023\/04\/82243524-758x531-300x210.jpg 300w, https:\/\/static-blogs.elcomercio.es\/wp-content\/uploads\/sites\/4\/2023\/04\/82243524-758x531.jpg 758w\" sizes=\"(max-width: 300px) 100vw, 300px\" \/><\/a>Sucede que el empleo ha dejado de ser un argumento irrefutable para la captaci\u00f3n de inversiones.<\/strong> Lo digo, claro, por la pol\u00e9mica que est\u00e1 generando la planta de pir\u00f3lisis prevista para El Musel. En otros tiempos, este proyecto de 74 millones de euros y 70 empleos directos ser\u00eda a todas luces bienvenido. M\u00e1xime cuando en un futuro se puede incrementar el desembolso hasta los 120 millones y 700 puestos de forma indirecta. <strong>Sin embargo, ahora no. Se prima la salud sobre el trabajo, quiz\u00e1 por los excesos que se cometieron en el pasado.<\/strong> Las dudas medioambientales que suscita el reciclaje de pl\u00e1sticos -tampoco aclaradas desde la Administraci\u00f3n- est\u00e1n generando un rechazo vecinal importante. Incluso provocando desavenencias entre los propios partidos que se encuentran en modo electoral. Sorprende, aunque no tanto, las surgidas entre el candidato socialista y la alcaldesa. Mientras <em>Luis Manuel Fl\u00f3rez<\/em>, <em>\u00abFloro\u00bb<\/em>, se muestra contrario a su instalaci\u00f3n; Ana Gonz\u00e1lez asegura que <em>\u00abser\u00e1 una f\u00e1brica limpia\u00bb<\/em>. Algo que a los barrios afectados no parece convencer demasiado. Por su parte, el Principado, donde se capt\u00f3 la inversi\u00f3n, nos pide que esperemos a completar la tramitaci\u00f3n medioambiental. Tampoco quiere mojarse mucho a favor o en contra. Recuerden: estamos a menos de dos meses de acudir a las urnas. En cualquier caso, hay que entender que la zona oeste de Gij\u00f3n tenga una especial sensibilidad con la contaminaci\u00f3n. <strong>En ese pasado no tan lejano tuvieron que tragar (literalmente) con cualquier industria que all\u00ed se instalaba.<\/strong> Por tanto, es l\u00f3gico pensar que hayan dicho basta. O sea, que la actividad econ\u00f3mica no sirva como poderosa raz\u00f3n para admitir cualquier cosa. Quieren y necesitan algo m\u00e1s: la seguridad de que la calidad de su aire no va a empeorar a\u00fan m\u00e1s.<strong> Sin duda, han adquirido sus propios mecanismos de defensa y no les podemos quitar la raz\u00f3n.<\/strong><\/p>\n<p><em><strong>@balbuenajm<\/strong><\/em><\/p>\n<!-- AddThis Advanced Settings generic via filter on the_content --><!-- AddThis Share Buttons generic via filter on the_content -->","protected":false},"excerpt":{"rendered":"<p>Sucede que el empleo ha dejado de ser un argumento irrefutable para la captaci\u00f3n de inversiones. Lo digo, claro, por la pol\u00e9mica que est\u00e1 generando la planta de pir\u00f3lisis prevista para El Musel. En otros tiempos, este proyecto de 74 millones de euros y 70 empleos directos ser\u00eda a todas luces bienvenido. M\u00e1xime cuando en [&hellip;]<!-- AddThis Advanced Settings generic via filter on get_the_excerpt --><!-- AddThis Share Buttons generic via filter on get_the_excerpt --><\/p>\n","protected":false},"author":5,"featured_media":0,"comment_status":"open","ping_status":"open","sticky":false,"template":"","format":"standard","meta":[],"categories":[1],"tags":[312,257,14,1280,17,23],"_links":{"self":[{"href":"https:\/\/blogs.elcomercio.es\/retorcida-realidad\/wp-json\/wp\/v2\/posts\/7300"}],"collection":[{"href":"https:\/\/blogs.elcomercio.es\/retorcida-realidad\/wp-json\/wp\/v2\/posts"}],"about":[{"href":"https:\/\/blogs.elcomercio.es\/retorcida-realidad\/wp-json\/wp\/v2\/types\/post"}],"author":[{"embeddable":true,"href":"https:\/\/blogs.elcomercio.es\/retorcida-realidad\/wp-json\/wp\/v2\/users\/5"}],"replies":[{"embeddable":true,"href":"https:\/\/blogs.elcomercio.es\/retorcida-realidad\/wp-json\/wp\/v2\/comments?post=7300"}],"version-history":[{"count":1,"href":"https:\/\/blogs.elcomercio.es\/retorcida-realidad\/wp-json\/wp\/v2\/posts\/7300\/revisions"}],"predecessor-version":[{"id":7302,"href":"https:\/\/blogs.elcomercio.es\/retorcida-realidad\/wp-json\/wp\/v2\/posts\/7300\/revisions\/7302"}],"wp:attachment":[{"href":"https:\/\/blogs.elcomercio.es\/retorcida-realidad\/wp-json\/wp\/v2\/media?parent=7300"}],"wp:term":[{"taxonomy":"category","embeddable":true,"href":"https:\/\/blogs.elcomercio.es\/retorcida-realidad\/wp-json\/wp\/v2\/categories?post=7300"},{"taxonomy":"post_tag","embeddable":true,"href":"https:\/\/blogs.elcomercio.es\/retorcida-realidad\/wp-json\/wp\/v2\/tags?post=7300"}],"curies":[{"name":"wp","href":"https:\/\/api.w.org\/{rel}","templated":true}]}}