{"id":7303,"date":"2023-04-04T08:05:08","date_gmt":"2023-04-04T06:05:08","guid":{"rendered":"https:\/\/blogs.elcomercio.es\/retorcida-realidad\/?p=7303"},"modified":"2023-04-04T08:06:16","modified_gmt":"2023-04-04T06:06:16","slug":"nos-lo-merecemos","status":"publish","type":"post","link":"https:\/\/blogs.elcomercio.es\/retorcida-realidad\/2023\/04\/04\/nos-lo-merecemos\/","title":{"rendered":"Nos lo merecemos."},"content":{"rendered":"<p><a href=\"https:\/\/static-blogs.elcomercio.es\/wp-content\/uploads\/sites\/4\/2023\/04\/82052286-758x531.jpg\"><img loading=\"lazy\" class=\"size-medium wp-image-7304 alignleft\" src=\"https:\/\/static-blogs.elcomercio.es\/wp-content\/uploads\/sites\/4\/2023\/04\/82052286-758x531-300x210.jpg\" alt=\"\" width=\"300\" height=\"210\" srcset=\"https:\/\/static-blogs.elcomercio.es\/wp-content\/uploads\/sites\/4\/2023\/04\/82052286-758x531-300x210.jpg 300w, https:\/\/static-blogs.elcomercio.es\/wp-content\/uploads\/sites\/4\/2023\/04\/82052286-758x531.jpg 758w\" sizes=\"(max-width: 300px) 100vw, 300px\" \/><\/a>\u00bfPiensa usted lo mismo ahora que hace 21 a\u00f1os? \u00bfAcaso en ciertos temas no ha variado su opini\u00f3n? Lo l\u00f3gico, claro, es que s\u00ed. Muchas veces tendemos a apoyar una cosa y, con el paso del tiempo, puede que hasta la contraria. Lo mismo ocurre con nuestro plan de v\u00edas.<strong> Durante todo este intervalo -m\u00e1s de dos d\u00e9cadas, insisto- las posiciones p\u00fablicas y privadas han dado un giro radical.<\/strong> Incluso hasta nos pueden parecer rid\u00edculos aquellos primeros planteamientos. Recuerden cuando se hablaba de un tren lanzadera elevado que conectaba Moreda con El Humedal. Desde luego, en los primeros a\u00f1os nadie dudaba de que el suelo liberado por el levantamiento ferroviario ten\u00eda que dedicarse a financiar la operaci\u00f3n. Es decir, a que esas plusval\u00edas pudieran hacer posible el a\u00f1orado sue\u00f1o de tener una estaci\u00f3n intermodal. Ahora bien, dado que no se avanzaba, en el 2014 surgi\u00f3 el \u00absolar\u00f3n\u00bb. M\u00e1s que nada, por una cuesti\u00f3n de higiene.<strong> No era -ni sigue siendo todav\u00eda- de recibo que la maleza o los roedores convivan con nosotros.<\/strong> As\u00ed, esa zona verde \u00ablow cost\u00bb entr\u00f3 en nuestras vidas y, de momento, no tiene pinta de salir. De hecho, hasta 2025 no tendremos el proyecto de la intermodal y a partir de ah\u00ed, habr\u00e1 que ver c\u00f3mo se financia toda la operaci\u00f3n. <strong>En definitiva, nos queda \u00absolar\u00f3n\u00bb para rato.<\/strong><\/p>\n<p>Nuestra integraci\u00f3n ferroviaria no tiene parang\u00f3n en Espa\u00f1a. En Logro\u00f1o, por ejemplo, lograron soterrar dos kil\u00f3metros de v\u00edas acabando en diciembre de 2020. <strong>Aqu\u00ed, en cambio, han pasado gobiernos de toda \u00edndole y apenas se movi\u00f3 una piedra.<\/strong> Por tanto, podemos considerarnos como agraviados, cuando otras integraciones mucho m\u00e1s complicadas y costosas han salido adelante o est\u00e1n m\u00e1s cerca de hacerlo. En L\u2019Hospitalet de Llobregat (Barcelona) prev\u00e9n un soterramiento de cinco kil\u00f3metros, dos estaciones subterr\u00e1neas y 1.000 millones de euros de inversi\u00f3n. Ojo, y con un proyecto b\u00e1sico de 21 tomos ya redactado. Pregunto, \u00bfresulta abusivo pedir que tengamos alg\u00fan tipo de compensaci\u00f3n por tantas promesas incumplidas? \u00bfNo merecemos los gijoneses que al menos tengan un detalle por esta ignominia? Sin duda, mi posici\u00f3n respecto a este espacio tambi\u00e9n ha variado. <strong>Tras casi una d\u00e9cada de disfrutar de un parque, tampoco me parece un disparate exigir al Ministerio de Transporte que siga siendo as\u00ed. Esto es, que a la hora de financiar la operaci\u00f3n no sea sacrificado el \u00absolar\u00f3n\u00bb. Al fin y al cabo, nos lo merecemos.<\/strong><\/p>\n<p><em><strong>@balbuenajm<\/strong><\/em><\/p>\n<!-- AddThis Advanced Settings generic via filter on the_content --><!-- AddThis Share Buttons generic via filter on the_content -->","protected":false},"excerpt":{"rendered":"<p>\u00bfPiensa usted lo mismo ahora que hace 21 a\u00f1os? \u00bfAcaso en ciertos temas no ha variado su opini\u00f3n? Lo l\u00f3gico, claro, es que s\u00ed. Muchas veces tendemos a apoyar una cosa y, con el paso del tiempo, puede que hasta la contraria. Lo mismo ocurre con nuestro plan de v\u00edas. Durante todo este intervalo -m\u00e1s [&hellip;]<!-- AddThis Advanced Settings generic via filter on get_the_excerpt --><!-- AddThis Share Buttons generic via filter on get_the_excerpt --><\/p>\n","protected":false},"author":5,"featured_media":0,"comment_status":"open","ping_status":"open","sticky":false,"template":"","format":"standard","meta":[],"categories":[1],"tags":[312,1281,32,17,333,36],"_links":{"self":[{"href":"https:\/\/blogs.elcomercio.es\/retorcida-realidad\/wp-json\/wp\/v2\/posts\/7303"}],"collection":[{"href":"https:\/\/blogs.elcomercio.es\/retorcida-realidad\/wp-json\/wp\/v2\/posts"}],"about":[{"href":"https:\/\/blogs.elcomercio.es\/retorcida-realidad\/wp-json\/wp\/v2\/types\/post"}],"author":[{"embeddable":true,"href":"https:\/\/blogs.elcomercio.es\/retorcida-realidad\/wp-json\/wp\/v2\/users\/5"}],"replies":[{"embeddable":true,"href":"https:\/\/blogs.elcomercio.es\/retorcida-realidad\/wp-json\/wp\/v2\/comments?post=7303"}],"version-history":[{"count":1,"href":"https:\/\/blogs.elcomercio.es\/retorcida-realidad\/wp-json\/wp\/v2\/posts\/7303\/revisions"}],"predecessor-version":[{"id":7305,"href":"https:\/\/blogs.elcomercio.es\/retorcida-realidad\/wp-json\/wp\/v2\/posts\/7303\/revisions\/7305"}],"wp:attachment":[{"href":"https:\/\/blogs.elcomercio.es\/retorcida-realidad\/wp-json\/wp\/v2\/media?parent=7303"}],"wp:term":[{"taxonomy":"category","embeddable":true,"href":"https:\/\/blogs.elcomercio.es\/retorcida-realidad\/wp-json\/wp\/v2\/categories?post=7303"},{"taxonomy":"post_tag","embeddable":true,"href":"https:\/\/blogs.elcomercio.es\/retorcida-realidad\/wp-json\/wp\/v2\/tags?post=7303"}],"curies":[{"name":"wp","href":"https:\/\/api.w.org\/{rel}","templated":true}]}}