{"id":7307,"date":"2023-04-11T07:36:38","date_gmt":"2023-04-11T05:36:38","guid":{"rendered":"https:\/\/blogs.elcomercio.es\/retorcida-realidad\/?p=7307"},"modified":"2023-04-11T07:37:20","modified_gmt":"2023-04-11T05:37:20","slug":"el-testamento","status":"publish","type":"post","link":"https:\/\/blogs.elcomercio.es\/retorcida-realidad\/2023\/04\/11\/el-testamento\/","title":{"rendered":"El testamento."},"content":{"rendered":"<p><a href=\"https:\/\/static-blogs.elcomercio.es\/wp-content\/uploads\/sites\/4\/2023\/04\/reunionpsoe-758x531.jpg\"><img loading=\"lazy\" class=\"size-medium wp-image-7308 alignleft\" src=\"https:\/\/static-blogs.elcomercio.es\/wp-content\/uploads\/sites\/4\/2023\/04\/reunionpsoe-758x531-300x225.jpg\" alt=\"\" width=\"300\" height=\"225\" srcset=\"https:\/\/static-blogs.elcomercio.es\/wp-content\/uploads\/sites\/4\/2023\/04\/reunionpsoe-758x531-300x225.jpg 300w, https:\/\/static-blogs.elcomercio.es\/wp-content\/uploads\/sites\/4\/2023\/04\/reunionpsoe-758x531.jpg 708w\" sizes=\"(max-width: 300px) 100vw, 300px\" \/><\/a>El plan de Movilidad que est\u00e1 pendiente de su aprobaci\u00f3n no es m\u00e1s que un ep\u00edlogo. <strong>S\u00ed, el legado envenenado que deja esta Corporaci\u00f3n para que lo cumpla la siguiente.<\/strong> En el mismo, podemos ver en forma de vadem\u00e9cum lo experimentado (sufrido) durante la presente legislatura en materia de movilidad. Es decir, prev\u00e9 la construcci\u00f3n de tres \u00absupermanzanas\u00bb a modo y manera de la que se est\u00e1 ejecutando en La Calzada. Una en La Arena, otra en El Muro y la tercera en la zona centro. Todo ello, sin saber muy bien qu\u00e9 efectos producir\u00e1n en el tr\u00e1fico y la vida de las personas la ecomanzana que se est\u00e1 llevando a cabo. Por cierto, con bastante pol\u00e9mica. Asimismo, dos v\u00edas circulatorias de gran capacidad (Pablo Iglesias y Manuel Llaneza) quedar\u00e1n cercenadas de ra\u00edz.<strong> Pasar\u00e1n a ser de doble sentido con lo que la circulaci\u00f3n transversal tendr\u00e1 que ser en la pr\u00e1ctica a trav\u00e9s de la ronda exterior.<\/strong> Es m\u00e1s, insiste en la idea de mantener un \u00fanico carril en <em>Rufo Garc\u00eda Rendueles<\/em> en sentido hacia el Piles, al considerar que el \u00abcascayu\u00bb represent\u00f3 un \u00e9xito y su \u00abafecci\u00f3n sobre el tr\u00e1fico fue m\u00ednima\u00bb. Pregunto, \u00bfen qu\u00e9 planeta viven? \u00bfEs que no vieron lo que pas\u00f3 en la avenida de la Costa cuando se cerr\u00f3 El Muro?<strong> Como digo, este plan no es m\u00e1s que la movilidad enloquecida de estos cuatro a\u00f1os con tapa dura. La misma que causa m\u00e1s problemas que beneficios y es impuesta a las bravas bajo el lema de \u00abya os acostumbrar\u00e9is\u00bb<\/strong>.<\/p>\n<p>Sin duda, en el PSOE lo saben de sobra. No est\u00e1n conformes con este plan y est\u00e1n haciendo lo imposible para cambiarlo. Eso s\u00ed, tampoco se atreven a romper la baraja a pocas semanas de los comicios, aunque tengan miedo a sus consecuencias electorales. Por eso, el discurso ahora predominante consiste en restarle importancia. Dicen que el documento no es normativo y solo orientativo.<strong> Sin embargo, de repetirse la actual coalici\u00f3n del equipo de gobierno municipal, es de esperar que la parte de IU exija ejecutarlo ce por be.<\/strong> Y si no, \u00bfpor qu\u00e9 se tiene que aprobar a \u00faltima hora? \u00bfPor qu\u00e9 no se espera a lo que salga de las urnas? En definitiva, que a la direcci\u00f3n socialista local solo le queda hacer un papel\u00f3n: tragar con un plan en el que no le gusta y que se puede convertir en arma arrojadiza durante la campa\u00f1a por parte de la oposici\u00f3n. <strong>O dicho de otra forma: actuar como notarios del testamento que nos quiere dejar IU.<\/strong><\/p>\n<p><em><strong>@balbuenajm<\/strong><\/em><\/p>\n<!-- AddThis Advanced Settings generic via filter on the_content --><!-- AddThis Share Buttons generic via filter on the_content -->","protected":false},"excerpt":{"rendered":"<p>El plan de Movilidad que est\u00e1 pendiente de su aprobaci\u00f3n no es m\u00e1s que un ep\u00edlogo. S\u00ed, el legado envenenado que deja esta Corporaci\u00f3n para que lo cumpla la siguiente. En el mismo, podemos ver en forma de vadem\u00e9cum lo experimentado (sufrido) durante la presente legislatura en materia de movilidad. Es decir, prev\u00e9 la construcci\u00f3n [&hellip;]<!-- AddThis Advanced Settings generic via filter on get_the_excerpt --><!-- AddThis Share Buttons generic via filter on get_the_excerpt --><\/p>\n","protected":false},"author":5,"featured_media":0,"comment_status":"open","ping_status":"open","sticky":false,"template":"","format":"standard","meta":[],"categories":[1],"tags":[312,936,1105,1282,459,17,69,1283],"_links":{"self":[{"href":"https:\/\/blogs.elcomercio.es\/retorcida-realidad\/wp-json\/wp\/v2\/posts\/7307"}],"collection":[{"href":"https:\/\/blogs.elcomercio.es\/retorcida-realidad\/wp-json\/wp\/v2\/posts"}],"about":[{"href":"https:\/\/blogs.elcomercio.es\/retorcida-realidad\/wp-json\/wp\/v2\/types\/post"}],"author":[{"embeddable":true,"href":"https:\/\/blogs.elcomercio.es\/retorcida-realidad\/wp-json\/wp\/v2\/users\/5"}],"replies":[{"embeddable":true,"href":"https:\/\/blogs.elcomercio.es\/retorcida-realidad\/wp-json\/wp\/v2\/comments?post=7307"}],"version-history":[{"count":1,"href":"https:\/\/blogs.elcomercio.es\/retorcida-realidad\/wp-json\/wp\/v2\/posts\/7307\/revisions"}],"predecessor-version":[{"id":7309,"href":"https:\/\/blogs.elcomercio.es\/retorcida-realidad\/wp-json\/wp\/v2\/posts\/7307\/revisions\/7309"}],"wp:attachment":[{"href":"https:\/\/blogs.elcomercio.es\/retorcida-realidad\/wp-json\/wp\/v2\/media?parent=7307"}],"wp:term":[{"taxonomy":"category","embeddable":true,"href":"https:\/\/blogs.elcomercio.es\/retorcida-realidad\/wp-json\/wp\/v2\/categories?post=7307"},{"taxonomy":"post_tag","embeddable":true,"href":"https:\/\/blogs.elcomercio.es\/retorcida-realidad\/wp-json\/wp\/v2\/tags?post=7307"}],"curies":[{"name":"wp","href":"https:\/\/api.w.org\/{rel}","templated":true}]}}