{"id":7310,"date":"2023-04-15T07:48:05","date_gmt":"2023-04-15T05:48:05","guid":{"rendered":"https:\/\/blogs.elcomercio.es\/retorcida-realidad\/?p=7310"},"modified":"2023-04-15T07:48:26","modified_gmt":"2023-04-15T05:48:26","slug":"el-gijon-dividido","status":"publish","type":"post","link":"https:\/\/blogs.elcomercio.es\/retorcida-realidad\/2023\/04\/15\/el-gijon-dividido\/","title":{"rendered":"El Gij\u00f3n dividido."},"content":{"rendered":"<p><a href=\"https:\/\/static-blogs.elcomercio.es\/wp-content\/uploads\/sites\/4\/2023\/04\/82651048-562x393.jpg\"><img loading=\"lazy\" class=\"size-medium wp-image-7311 alignleft\" src=\"https:\/\/static-blogs.elcomercio.es\/wp-content\/uploads\/sites\/4\/2023\/04\/82651048-562x393-300x210.jpg\" alt=\"\" width=\"300\" height=\"210\" srcset=\"https:\/\/static-blogs.elcomercio.es\/wp-content\/uploads\/sites\/4\/2023\/04\/82651048-562x393-300x210.jpg 300w, https:\/\/static-blogs.elcomercio.es\/wp-content\/uploads\/sites\/4\/2023\/04\/82651048-562x393.jpg 561w\" sizes=\"(max-width: 300px) 100vw, 300px\" \/><\/a>No cabe duda de que esta campa\u00f1a electoral girar\u00e1 en torno a la Movilidad. Es lo que enfrenta a los partidos y est\u00e1 presente en casi todos los debates. En la concejal\u00eda del ramo han conseguido algo que parec\u00eda imposible: levantar ampollas a tutipl\u00e9n con un solo concejal y llevar al resto del equipo de gobierno a rebufo. <strong>Desde luego, no se puede montar m\u00e1s barullo con menos.<\/strong> Vean si no lo que est\u00e1 pasando con el plan de Movilidad. <strong>Resulta que ahora hay que aprobarlo s\u00ed o s\u00ed por cuesti\u00f3n de los fondos europeos, aunque ya se est\u00e9n ejecutando obras subvencionadas sin este nuevo plan.<\/strong> Digo m\u00e1s, pese a que, como qued\u00f3 claro esta semana, \u00fanicamente tiene el apoyo de sus creadores (IU) y a lo sumo Podemos-Equo, mientras que el resto se muestra totalmente en contra. Debiendo diferenciar tambi\u00e9n entre las distintas versiones del PSOE gijon\u00e9s. La de la Ejecutiva local que dice que lo revisar\u00e1 a fondo (en palabras de su candidato) y la municipal que lo apoya (interesante lo que puede pasar en el Pleno del d\u00eda 20 con la votaci\u00f3n). <strong>En cualquier caso, parece que la norma nacer\u00e1 sin futuro.<\/strong> Ni unos ni otros de los posibles gobiernos municipales tienen intenci\u00f3n de aplicarla tal y como est\u00e1. <strong>Demostrando, claro, que la Movilidad en esta legislatura ha sido un sindi\u00f3s en toda regla.<\/strong> Algo que solo ha provocado confrontaci\u00f3n y ning\u00fan grado de concordia. D\u00edganme, pues, si sobre esta base se puede construir el tan cacareado nuevo modelo de ciudad que nos han intentado vender. Integrador, sostenible, amable, blablabl\u00e1. D\u00edganme si de enfrentar a las distintas formas de moverse por una ciudad puede salir algo bueno. F\u00edjense si no lo que consiguieron hasta ahora: que bicicletas y coches se miren con recelo. Provocando incluso enfrentamientos f\u00edsicos, cuando deber\u00eda de haberse fomentado la convivencia e integraci\u00f3n. <strong>D\u00edganme, en resumen, si este Gij\u00f3n dividido es el que queremos para los pr\u00f3ximos a\u00f1os.<\/strong><\/p>\n<p><strong>@<\/strong><em><strong>balbuenajm<\/strong><\/em><\/p>\n<!-- AddThis Advanced Settings generic via filter on the_content --><!-- AddThis Share Buttons generic via filter on the_content -->","protected":false},"excerpt":{"rendered":"<p>No cabe duda de que esta campa\u00f1a electoral girar\u00e1 en torno a la Movilidad. Es lo que enfrenta a los partidos y est\u00e1 presente en casi todos los debates. En la concejal\u00eda del ramo han conseguido algo que parec\u00eda imposible: levantar ampollas a tutipl\u00e9n con un solo concejal y llevar al resto del equipo de [&hellip;]<!-- AddThis Advanced Settings generic via filter on get_the_excerpt --><!-- AddThis Share Buttons generic via filter on get_the_excerpt --><\/p>\n","protected":false},"author":5,"featured_media":0,"comment_status":"open","ping_status":"open","sticky":false,"template":"","format":"standard","meta":[],"categories":[1],"tags":[312,17,126,69,66,23],"_links":{"self":[{"href":"https:\/\/blogs.elcomercio.es\/retorcida-realidad\/wp-json\/wp\/v2\/posts\/7310"}],"collection":[{"href":"https:\/\/blogs.elcomercio.es\/retorcida-realidad\/wp-json\/wp\/v2\/posts"}],"about":[{"href":"https:\/\/blogs.elcomercio.es\/retorcida-realidad\/wp-json\/wp\/v2\/types\/post"}],"author":[{"embeddable":true,"href":"https:\/\/blogs.elcomercio.es\/retorcida-realidad\/wp-json\/wp\/v2\/users\/5"}],"replies":[{"embeddable":true,"href":"https:\/\/blogs.elcomercio.es\/retorcida-realidad\/wp-json\/wp\/v2\/comments?post=7310"}],"version-history":[{"count":1,"href":"https:\/\/blogs.elcomercio.es\/retorcida-realidad\/wp-json\/wp\/v2\/posts\/7310\/revisions"}],"predecessor-version":[{"id":7312,"href":"https:\/\/blogs.elcomercio.es\/retorcida-realidad\/wp-json\/wp\/v2\/posts\/7310\/revisions\/7312"}],"wp:attachment":[{"href":"https:\/\/blogs.elcomercio.es\/retorcida-realidad\/wp-json\/wp\/v2\/media?parent=7310"}],"wp:term":[{"taxonomy":"category","embeddable":true,"href":"https:\/\/blogs.elcomercio.es\/retorcida-realidad\/wp-json\/wp\/v2\/categories?post=7310"},{"taxonomy":"post_tag","embeddable":true,"href":"https:\/\/blogs.elcomercio.es\/retorcida-realidad\/wp-json\/wp\/v2\/tags?post=7310"}],"curies":[{"name":"wp","href":"https:\/\/api.w.org\/{rel}","templated":true}]}}