{"id":7313,"date":"2023-04-18T07:38:17","date_gmt":"2023-04-18T05:38:17","guid":{"rendered":"https:\/\/blogs.elcomercio.es\/retorcida-realidad\/?p=7313"},"modified":"2023-04-18T07:42:19","modified_gmt":"2023-04-18T05:42:19","slug":"necesaria-y-no-suficiente","status":"publish","type":"post","link":"https:\/\/blogs.elcomercio.es\/retorcida-realidad\/2023\/04\/18\/necesaria-y-no-suficiente\/","title":{"rendered":"Necesaria y no suficiente."},"content":{"rendered":"<p><a href=\"https:\/\/static-blogs.elcomercio.es\/wp-content\/uploads\/sites\/4\/2023\/04\/82654340-758x531.jpg\"><img loading=\"lazy\" class=\"size-medium wp-image-7314 alignleft\" src=\"https:\/\/static-blogs.elcomercio.es\/wp-content\/uploads\/sites\/4\/2023\/04\/82654340-758x531-300x210.jpg\" alt=\"\" width=\"300\" height=\"210\" srcset=\"https:\/\/static-blogs.elcomercio.es\/wp-content\/uploads\/sites\/4\/2023\/04\/82654340-758x531-300x210.jpg 300w, https:\/\/static-blogs.elcomercio.es\/wp-content\/uploads\/sites\/4\/2023\/04\/82654340-758x531.jpg 758w\" sizes=\"(max-width: 300px) 100vw, 300px\" \/><\/a>El pasado viernes entr\u00f3 en servicio el primer acceso rodado a la Zona de Actividades Log\u00edsticas e Industriales de Asturias (ZALIA). Tambi\u00e9n conocida como el pol\u00edgono del plumero de la Pampa, dado que por all\u00ed crece a sus anchas esta especie invasora. Se trata de un vial de 3,7 kil\u00f3metros de longitud y que ahora mismo representa una carretera hacia ninguna parte. <strong>A la postre, porque la ZALIA sigue siendo un proyecto fallido, mientras no se ponga en marcha y empiecen a comercializarse las parcelas.<\/strong> De hecho, recordemos que se constituy\u00f3 en 2005 y su gesti\u00f3n ha sido un aut\u00e9ntico desastre. La que pretend\u00eda ser la gran zona log\u00edstica del Norte, en la actualidad, est\u00e1 esperando que el Estado entre en el proyecto (a trav\u00e9s de la sociedad Sepides) puesto que el agujero generado es de a\u00fapa. <strong>Hablamos de m\u00e1s de 115 millones de euros que nunca se recuperar\u00e1n.<\/strong> Solo una parte llegar\u00e1 a trav\u00e9s de la venta de las parcelas (si es que lo vemos) y el resto, claro est\u00e1, adivinen qui\u00e9n lo va a pagar (los asturianos y gijoneses en particular). Es m\u00e1s, durante todo este tiempo ha habido una fuga de socios institucionales por el devenir de los acontecimientos, quedando pr\u00e1cticamente solo a cargo del Principado. En todo caso, a quien debemos culpar de esa gesti\u00f3n nefasta de la que antes habl\u00e1bamos.<\/p>\n<p>Como digo, se espera que la sociedad estatal Sepides invierta para salir del charco. Ser\u00edan sobre unos 15 millones de euros con los que se construir\u00eda la subestaci\u00f3n el\u00e9ctrica. Porque esa es otra: la potencia actual no da mucho m\u00e1s all\u00e1 que para enchufar una fotocopiadora. <strong>Los generosos c\u00e1lculos nos dec\u00edan que iba a estar licitada a finales del 2021, comenzando a vender los terrenos durante el 2022.<\/strong> Sin embargo, miren c\u00f3mo estamos: sin noticias del <em>\u00abBienvenido M\u00edster Estado\u00bb<\/em>. <strong>Desde esta misma columna hemos reclamado para la ZALIA un nuevo enfoque, ya que como zona log\u00edstica le ha comido la tostada Siero con el pol\u00edgono de Bobes.<\/strong> Un caso parecido pero que ha sabido salir de la ruina. Entre otras cosas, gracias a la captaci\u00f3n de una empresa tractora como Amazon. As\u00ed mismo por la implicaci\u00f3n de un Ayuntamiento que recorta la burocracia y concede beneficios fiscales a quienes all\u00ed se instalen. <strong>Sin duda, la apertura del acceso desde La Pe\u00f1ona es una condici\u00f3n necesaria para revivir al zombi, aunque no suficiente. Se necesitan frescura de ideas y nuevos enfoques para captar empresas.<\/strong><\/p>\n<p><em><strong>@balbuenajm<\/strong><\/em><\/p>\n<!-- AddThis Advanced Settings generic via filter on the_content --><!-- AddThis Share Buttons generic via filter on the_content -->","protected":false},"excerpt":{"rendered":"<p>El pasado viernes entr\u00f3 en servicio el primer acceso rodado a la Zona de Actividades Log\u00edsticas e Industriales de Asturias (ZALIA). Tambi\u00e9n conocida como el pol\u00edgono del plumero de la Pampa, dado que por all\u00ed crece a sus anchas esta especie invasora. Se trata de un vial de 3,7 kil\u00f3metros de longitud y que ahora [&hellip;]<!-- AddThis Advanced Settings generic via filter on get_the_excerpt --><!-- AddThis Share Buttons generic via filter on get_the_excerpt --><\/p>\n","protected":false},"author":5,"featured_media":0,"comment_status":"open","ping_status":"open","sticky":false,"template":"","format":"standard","meta":[],"categories":[1],"tags":[312,14,17,1284,305,117],"_links":{"self":[{"href":"https:\/\/blogs.elcomercio.es\/retorcida-realidad\/wp-json\/wp\/v2\/posts\/7313"}],"collection":[{"href":"https:\/\/blogs.elcomercio.es\/retorcida-realidad\/wp-json\/wp\/v2\/posts"}],"about":[{"href":"https:\/\/blogs.elcomercio.es\/retorcida-realidad\/wp-json\/wp\/v2\/types\/post"}],"author":[{"embeddable":true,"href":"https:\/\/blogs.elcomercio.es\/retorcida-realidad\/wp-json\/wp\/v2\/users\/5"}],"replies":[{"embeddable":true,"href":"https:\/\/blogs.elcomercio.es\/retorcida-realidad\/wp-json\/wp\/v2\/comments?post=7313"}],"version-history":[{"count":2,"href":"https:\/\/blogs.elcomercio.es\/retorcida-realidad\/wp-json\/wp\/v2\/posts\/7313\/revisions"}],"predecessor-version":[{"id":7316,"href":"https:\/\/blogs.elcomercio.es\/retorcida-realidad\/wp-json\/wp\/v2\/posts\/7313\/revisions\/7316"}],"wp:attachment":[{"href":"https:\/\/blogs.elcomercio.es\/retorcida-realidad\/wp-json\/wp\/v2\/media?parent=7313"}],"wp:term":[{"taxonomy":"category","embeddable":true,"href":"https:\/\/blogs.elcomercio.es\/retorcida-realidad\/wp-json\/wp\/v2\/categories?post=7313"},{"taxonomy":"post_tag","embeddable":true,"href":"https:\/\/blogs.elcomercio.es\/retorcida-realidad\/wp-json\/wp\/v2\/tags?post=7313"}],"curies":[{"name":"wp","href":"https:\/\/api.w.org\/{rel}","templated":true}]}}