{"id":7318,"date":"2023-04-22T08:17:13","date_gmt":"2023-04-22T06:17:13","guid":{"rendered":"https:\/\/blogs.elcomercio.es\/retorcida-realidad\/?p=7318"},"modified":"2023-04-22T08:18:20","modified_gmt":"2023-04-22T06:18:20","slug":"objetivo-cumplido","status":"publish","type":"post","link":"https:\/\/blogs.elcomercio.es\/retorcida-realidad\/2023\/04\/22\/objetivo-cumplido\/","title":{"rendered":"Objetivo cumplido."},"content":{"rendered":"<p><a href=\"https:\/\/static-blogs.elcomercio.es\/wp-content\/uploads\/sites\/4\/2023\/04\/82831280-758x531.jpg\"><img loading=\"lazy\" class=\"size-medium wp-image-7319 alignleft\" src=\"https:\/\/static-blogs.elcomercio.es\/wp-content\/uploads\/sites\/4\/2023\/04\/82831280-758x531-300x210.jpg\" alt=\"\" width=\"300\" height=\"210\" srcset=\"https:\/\/static-blogs.elcomercio.es\/wp-content\/uploads\/sites\/4\/2023\/04\/82831280-758x531-300x210.jpg 300w, https:\/\/static-blogs.elcomercio.es\/wp-content\/uploads\/sites\/4\/2023\/04\/82831280-758x531.jpg 758w\" sizes=\"(max-width: 300px) 100vw, 300px\" \/><\/a>Sin duda, el \u00faltimo Pleno ordinario de esta legislatura se convirti\u00f3 en el m\u00e1s complicado. En especial, para el grupo hegem\u00f3nico dentro del Consistorio, a la postre, el PSOE. Ten\u00eda que optar entre cumplir su compromiso con IU aprobando dos normas en las que no cree o bien romper el pacto de Gobierno. Cosa, como digo, compleja puesto que cualquiera de las opciones podr\u00eda tener consecuencias a pocas semanas de las elecciones. <strong>Pues bien, los socialistas locales decidieron tirar por la calle del medio.<\/strong> La reuni\u00f3n a \u00faltima hora de su candidato, <em>Luis Manuel Fl\u00f3rez, \u00abFloro\u00bb<\/em>, con los ediles que van en su lista, allan\u00f3 el camino para que no se rompiera la disciplina de voto. <strong>Aprobando un Plan de Movilidad destinado a regir durante diez a\u00f1os y que no durar\u00e1 ni diez meses.<\/strong> As\u00ed debemos de interpretar eso de que lo van a mejorar. Esto, claro, si antes no lo tumba la Justicia como sucedi\u00f3 con la Ordenanza. <strong>Resumiendo; del mal, el menos.<\/strong> Exactamente lo mismo que sucede con el Reglamento de Laicidad. <strong>Concebido inicialmente para ser la norma anticat\u00f3lica por excelencia y que ha acabado reducido a la nada.<\/strong> Dicho de otra forma: con ocho art\u00edculos paniaguados que no cambian de manera sustancial la relaci\u00f3n que ya tiene el Ayuntamiento con las distintas confesiones religiosas de la ciudad. <strong>O sea, que ni siquiera tendr\u00e1 demasiados efectos pr\u00e1cticos, salvo cuando la minor\u00eda que lo sustenta empiece a protestar.<\/strong> <em>Floro<\/em>, seg\u00fan ha dicho, ir\u00e1 a la bendici\u00f3n de las aguas de <em>San Pedro<\/em> en el caso de ser elegido alcalde, mientras que los laicos se concentrar\u00e1n en el Campo Vald\u00e9s denunciando que no cumple su reglamento. Oigan, un poco de ruido, alguna declaraci\u00f3n de traici\u00f3n al laicismo institucional y punto. Ah\u00ed se acabar\u00e1 la historia. Por supuesto, de lo que se trataba el jueves pasado era de salir del lance minimizando da\u00f1os. Objetivo cumplido.<\/p>\n<p><em><strong>@balbuenajm<\/strong><\/em><\/p>\n<!-- AddThis Advanced Settings generic via filter on the_content --><!-- AddThis Share Buttons generic via filter on the_content -->","protected":false},"excerpt":{"rendered":"<p>Sin duda, el \u00faltimo Pleno ordinario de esta legislatura se convirti\u00f3 en el m\u00e1s complicado. En especial, para el grupo hegem\u00f3nico dentro del Consistorio, a la postre, el PSOE. Ten\u00eda que optar entre cumplir su compromiso con IU aprobando dos normas en las que no cree o bien romper el pacto de Gobierno. Cosa, como [&hellip;]<!-- AddThis Advanced Settings generic via filter on get_the_excerpt --><!-- AddThis Share Buttons generic via filter on get_the_excerpt --><\/p>\n","protected":false},"author":5,"featured_media":0,"comment_status":"open","ping_status":"open","sticky":false,"template":"","format":"standard","meta":[],"categories":[1],"tags":[312,17,126,69,23,1252],"_links":{"self":[{"href":"https:\/\/blogs.elcomercio.es\/retorcida-realidad\/wp-json\/wp\/v2\/posts\/7318"}],"collection":[{"href":"https:\/\/blogs.elcomercio.es\/retorcida-realidad\/wp-json\/wp\/v2\/posts"}],"about":[{"href":"https:\/\/blogs.elcomercio.es\/retorcida-realidad\/wp-json\/wp\/v2\/types\/post"}],"author":[{"embeddable":true,"href":"https:\/\/blogs.elcomercio.es\/retorcida-realidad\/wp-json\/wp\/v2\/users\/5"}],"replies":[{"embeddable":true,"href":"https:\/\/blogs.elcomercio.es\/retorcida-realidad\/wp-json\/wp\/v2\/comments?post=7318"}],"version-history":[{"count":1,"href":"https:\/\/blogs.elcomercio.es\/retorcida-realidad\/wp-json\/wp\/v2\/posts\/7318\/revisions"}],"predecessor-version":[{"id":7320,"href":"https:\/\/blogs.elcomercio.es\/retorcida-realidad\/wp-json\/wp\/v2\/posts\/7318\/revisions\/7320"}],"wp:attachment":[{"href":"https:\/\/blogs.elcomercio.es\/retorcida-realidad\/wp-json\/wp\/v2\/media?parent=7318"}],"wp:term":[{"taxonomy":"category","embeddable":true,"href":"https:\/\/blogs.elcomercio.es\/retorcida-realidad\/wp-json\/wp\/v2\/categories?post=7318"},{"taxonomy":"post_tag","embeddable":true,"href":"https:\/\/blogs.elcomercio.es\/retorcida-realidad\/wp-json\/wp\/v2\/tags?post=7318"}],"curies":[{"name":"wp","href":"https:\/\/api.w.org\/{rel}","templated":true}]}}