{"id":7321,"date":"2023-04-25T06:54:53","date_gmt":"2023-04-25T04:54:53","guid":{"rendered":"https:\/\/blogs.elcomercio.es\/retorcida-realidad\/?p=7321"},"modified":"2023-04-25T07:00:29","modified_gmt":"2023-04-25T05:00:29","slug":"alea-iacta-est","status":"publish","type":"post","link":"https:\/\/blogs.elcomercio.es\/retorcida-realidad\/2023\/04\/25\/alea-iacta-est\/","title":{"rendered":"\u00abAlea iacta est\u00bb."},"content":{"rendered":"<p><a href=\"https:\/\/static-blogs.elcomercio.es\/wp-content\/uploads\/sites\/4\/2023\/04\/pleno-hoy-kHj-U1909153859292n-758x531@El-Comercio.jpg\"><img loading=\"lazy\" class=\"size-medium wp-image-7322 alignleft\" src=\"https:\/\/static-blogs.elcomercio.es\/wp-content\/uploads\/sites\/4\/2023\/04\/pleno-hoy-kHj-U1909153859292n-758x531@El-Comercio-300x210.jpg\" alt=\"\" width=\"300\" height=\"210\" srcset=\"https:\/\/static-blogs.elcomercio.es\/wp-content\/uploads\/sites\/4\/2023\/04\/pleno-hoy-kHj-U1909153859292n-758x531@El-Comercio-300x210.jpg 300w, https:\/\/static-blogs.elcomercio.es\/wp-content\/uploads\/sites\/4\/2023\/04\/pleno-hoy-kHj-U1909153859292n-758x531@El-Comercio.jpg 758w\" sizes=\"(max-width: 300px) 100vw, 300px\" \/><\/a>En el d\u00eda de ayer se cerraron las candidaturas electorales para la alcald\u00eda de Gij\u00f3n. Ser\u00e1n los siete partidos que actualmente forman el Consistorio, m\u00e1s otros que est\u00e1n fuera y aspiran a entrar. En definitiva, una oferta muy parecida a la que tuvimos en el 2019. <strong>Desde luego, ser\u00e1n unas elecciones re\u00f1idas.<\/strong> Ojo, pero no porque ninguno de los actuales grupos obtenga un resultado arrollador. De hecho, ni por asomo se espera una mayor\u00eda absoluta. M\u00e1s bien, suceder\u00e1 lo contrario. <strong>Es decir, que el bast\u00f3n de mando se decidir\u00e1 por quien pueda aportar un concejal m\u00e1s a la pol\u00edtica de bloques.<\/strong> O sea, en que la izquierda gane a la derecha o viceversa estar\u00e1 la clave para saber qui\u00e9n ser\u00e1 nuestro pr\u00f3ximo alcalde o alcaldesa. <strong>Un panorama, pues, complicado y que puede que no quede ni mucho menos claro la noche del 28 de mayo.<\/strong> Seguro que los d\u00edas posteriores de negociaciones ser\u00e1n muy intensos.<\/p>\n<p>En este sentido, cobra vital importancia lo que puedan aportar otros grupos a quienes m\u00e1s posibilidades tienen de formar gobierno municipal. A la postre, tanto PSOE como Foro Asturias. Los de Floro seguro que necesitar\u00e1n pactar con IU y Podemos. Todo ello, dentro de un contexto donde ambas formaciones est\u00e1n pasando sus particulares crisis. En la coalici\u00f3n por la candidatura auton\u00f3mica y los morados inmersos en una guerra civil sin cuartel. Esto es, veremos si el votante de este espacio decide respaldarlas o quedarse en casa. Algo que es de suma importancia para los socialistas de cara a mantener la Alcald\u00eda. Por su parte, en la formaci\u00f3n de Carmen Moriy\u00f3n necesitar\u00e1n del PP y Vox para intentar volver al poder. Adem\u00e1s, claro, de sumar los votos de Ciudadanos dentro de la reestructuraci\u00f3n de las formaciones de centro-derecha, dado que la formaci\u00f3n naranja tiene muy dif\u00edcil mantener su representaci\u00f3n. Ninguna de las encuestas existentes lo muestra. <strong>Por tanto, como digo, las elecciones tendr\u00e1n dos partes, al igual que los partidos de f\u00fatbol.<\/strong> En la primera, sabremos c\u00f3mo los gijoneses posicionan a los partidos mediante su voto y en la segunda, ser\u00e1n ellos mismos los que deber\u00e1n buscar pactos para alcanzar la Alcald\u00eda. De eso depender\u00e1 en gran medida la estabilidad de la legislatura. Aunque, francamente, a priori no parece que vaya a ser mucha. <strong>Habr\u00e1 un partido menos, s\u00ed, pero la distancia entre bloques va a estar m\u00e1s apretada.<\/strong> De momento, qu\u00e9dense con que \u00abAlea iacta est\u00bb: la suerte est\u00e1 echada.<\/p>\n<p><em><strong>@balbuenajm<\/strong><\/em><\/p>\n<!-- AddThis Advanced Settings generic via filter on the_content --><!-- AddThis Share Buttons generic via filter on the_content -->","protected":false},"excerpt":{"rendered":"<p>En el d\u00eda de ayer se cerraron las candidaturas electorales para la alcald\u00eda de Gij\u00f3n. Ser\u00e1n los siete partidos que actualmente forman el Consistorio, m\u00e1s otros que est\u00e1n fuera y aspiran a entrar. En definitiva, una oferta muy parecida a la que tuvimos en el 2019. Desde luego, ser\u00e1n unas elecciones re\u00f1idas. Ojo, pero no [&hellip;]<!-- AddThis Advanced Settings generic via filter on get_the_excerpt --><!-- AddThis Share Buttons generic via filter on get_the_excerpt --><\/p>\n","protected":false},"author":5,"featured_media":0,"comment_status":"open","ping_status":"open","sticky":false,"template":"","format":"standard","meta":[],"categories":[1],"tags":[312,130,1286,1285,236,126,66,114,23,496],"_links":{"self":[{"href":"https:\/\/blogs.elcomercio.es\/retorcida-realidad\/wp-json\/wp\/v2\/posts\/7321"}],"collection":[{"href":"https:\/\/blogs.elcomercio.es\/retorcida-realidad\/wp-json\/wp\/v2\/posts"}],"about":[{"href":"https:\/\/blogs.elcomercio.es\/retorcida-realidad\/wp-json\/wp\/v2\/types\/post"}],"author":[{"embeddable":true,"href":"https:\/\/blogs.elcomercio.es\/retorcida-realidad\/wp-json\/wp\/v2\/users\/5"}],"replies":[{"embeddable":true,"href":"https:\/\/blogs.elcomercio.es\/retorcida-realidad\/wp-json\/wp\/v2\/comments?post=7321"}],"version-history":[{"count":1,"href":"https:\/\/blogs.elcomercio.es\/retorcida-realidad\/wp-json\/wp\/v2\/posts\/7321\/revisions"}],"predecessor-version":[{"id":7323,"href":"https:\/\/blogs.elcomercio.es\/retorcida-realidad\/wp-json\/wp\/v2\/posts\/7321\/revisions\/7323"}],"wp:attachment":[{"href":"https:\/\/blogs.elcomercio.es\/retorcida-realidad\/wp-json\/wp\/v2\/media?parent=7321"}],"wp:term":[{"taxonomy":"category","embeddable":true,"href":"https:\/\/blogs.elcomercio.es\/retorcida-realidad\/wp-json\/wp\/v2\/categories?post=7321"},{"taxonomy":"post_tag","embeddable":true,"href":"https:\/\/blogs.elcomercio.es\/retorcida-realidad\/wp-json\/wp\/v2\/tags?post=7321"}],"curies":[{"name":"wp","href":"https:\/\/api.w.org\/{rel}","templated":true}]}}