{"id":7324,"date":"2023-04-29T08:31:58","date_gmt":"2023-04-29T06:31:58","guid":{"rendered":"https:\/\/blogs.elcomercio.es\/retorcida-realidad\/?p=7324"},"modified":"2023-04-29T08:33:09","modified_gmt":"2023-04-29T06:33:09","slug":"vaya-chasco","status":"publish","type":"post","link":"https:\/\/blogs.elcomercio.es\/retorcida-realidad\/2023\/04\/29\/vaya-chasco\/","title":{"rendered":"Vaya chasco"},"content":{"rendered":"<p><a href=\"https:\/\/static-blogs.elcomercio.es\/wp-content\/uploads\/sites\/4\/2023\/04\/83033056-758x531.jpg\"><img loading=\"lazy\" class=\"size-medium wp-image-7325 alignleft\" src=\"https:\/\/static-blogs.elcomercio.es\/wp-content\/uploads\/sites\/4\/2023\/04\/83033056-758x531-300x210.jpg\" alt=\"\" width=\"300\" height=\"210\" srcset=\"https:\/\/static-blogs.elcomercio.es\/wp-content\/uploads\/sites\/4\/2023\/04\/83033056-758x531-300x210.jpg 300w, https:\/\/static-blogs.elcomercio.es\/wp-content\/uploads\/sites\/4\/2023\/04\/83033056-758x531.jpg 758w\" sizes=\"(max-width: 300px) 100vw, 300px\" \/><\/a>Esta legislatura ha estado marcada por los fondos europeos. Bajo su amparo se han dise\u00f1ado (y ejecutado) gran parte de las inversiones de esta ciudad. <strong>Es m\u00e1s, yo dir\u00eda que sin ese man\u00e1 no se hubiese desembolsado ni un euro por falta de recursos propios.<\/strong> Incluso cuando por alguna circunstancia se discut\u00eda un proyecto concreto -el judicializado plan de renaturalizaci\u00f3n del Piles, por ejemplo- la respuesta desde el Ayuntamiento siempre ha sido la misma: se ponen en juego las ayudas de Europa. <strong>Es por eso quiz\u00e1 que la noticia nos ha dejado un poco perplejos.<\/strong> Seg\u00fan parece, Gij\u00f3n pierde 9,4 millones de euros a los que optaba por el Plan de Recuperaci\u00f3n, Transformaci\u00f3n y Resiliencia. Entre las actuaciones que se caen est\u00e1n la electrificaci\u00f3n de la flota de autobuses urbanos y la plataforma \u00fanica en Cimavilla. Algo importante tanto para EMTUSA como para el barrio gijon\u00e9s que esperaba con ese dinero una remodelaci\u00f3n. Adem\u00e1s, se encuentra afectado tambi\u00e9n otro proyecto que podr\u00edamos considerar como chorrada. Me refiero a un corredor peatonal entre la plaza San Miguel y la playa. <strong>Ya saben, la ocurrencia que desmantel\u00f3 las calle Ruiz G\u00f3mez y Caridad para dejarlas en no se sabe qu\u00e9.<\/strong> Ahora mismo, ni son peatonales, ni est\u00e1n totalmente abiertas al tr\u00e1fico. Todo ello, para que unas supuestas masas obreras y campesinas puedan acudir a San Lorenzo durante el verano. En fin\u2026 Sin embargo, lo inquietante, digo, es el motivo por el cual fue rechazada la petici\u00f3n de fondos por el Ministerio de Transportes. Al parecer, presuntamente, nuestro Ayuntamiento <em>\u00abno est\u00e1 al corriente de sus obligaciones tributarias y con la Seguridad Social\u00bb<\/em>. Circunstancia que se niega desde instancias municipales y que exige explicaciones. <strong>De hecho, podr\u00edamos entender que no se cumpliese cualquier otro requisito, pero eso de que tengamos pufos\u2026<\/strong> A falta del recurso que se anuncia ante el Ministerio, vaya chasco.<\/p>\n<p><em><strong>@balbuenajm<\/strong><\/em><\/p>\n<!-- AddThis Advanced Settings generic via filter on the_content --><!-- AddThis Share Buttons generic via filter on the_content -->","protected":false},"excerpt":{"rendered":"<p>Esta legislatura ha estado marcada por los fondos europeos. Bajo su amparo se han dise\u00f1ado (y ejecutado) gran parte de las inversiones de esta ciudad. Es m\u00e1s, yo dir\u00eda que sin ese man\u00e1 no se hubiese desembolsado ni un euro por falta de recursos propios. Incluso cuando por alguna circunstancia se discut\u00eda un proyecto concreto [&hellip;]<!-- AddThis Advanced Settings generic via filter on get_the_excerpt --><!-- AddThis Share Buttons generic via filter on get_the_excerpt --><\/p>\n","protected":false},"author":5,"featured_media":0,"comment_status":"open","ping_status":"open","sticky":false,"template":"","format":"standard","meta":[],"categories":[1],"tags":[312,87,709,1167,17,1123],"_links":{"self":[{"href":"https:\/\/blogs.elcomercio.es\/retorcida-realidad\/wp-json\/wp\/v2\/posts\/7324"}],"collection":[{"href":"https:\/\/blogs.elcomercio.es\/retorcida-realidad\/wp-json\/wp\/v2\/posts"}],"about":[{"href":"https:\/\/blogs.elcomercio.es\/retorcida-realidad\/wp-json\/wp\/v2\/types\/post"}],"author":[{"embeddable":true,"href":"https:\/\/blogs.elcomercio.es\/retorcida-realidad\/wp-json\/wp\/v2\/users\/5"}],"replies":[{"embeddable":true,"href":"https:\/\/blogs.elcomercio.es\/retorcida-realidad\/wp-json\/wp\/v2\/comments?post=7324"}],"version-history":[{"count":1,"href":"https:\/\/blogs.elcomercio.es\/retorcida-realidad\/wp-json\/wp\/v2\/posts\/7324\/revisions"}],"predecessor-version":[{"id":7326,"href":"https:\/\/blogs.elcomercio.es\/retorcida-realidad\/wp-json\/wp\/v2\/posts\/7324\/revisions\/7326"}],"wp:attachment":[{"href":"https:\/\/blogs.elcomercio.es\/retorcida-realidad\/wp-json\/wp\/v2\/media?parent=7324"}],"wp:term":[{"taxonomy":"category","embeddable":true,"href":"https:\/\/blogs.elcomercio.es\/retorcida-realidad\/wp-json\/wp\/v2\/categories?post=7324"},{"taxonomy":"post_tag","embeddable":true,"href":"https:\/\/blogs.elcomercio.es\/retorcida-realidad\/wp-json\/wp\/v2\/tags?post=7324"}],"curies":[{"name":"wp","href":"https:\/\/api.w.org\/{rel}","templated":true}]}}