{"id":7328,"date":"2023-05-02T06:57:02","date_gmt":"2023-05-02T04:57:02","guid":{"rendered":"https:\/\/blogs.elcomercio.es\/retorcida-realidad\/?p=7328"},"modified":"2023-05-02T07:04:44","modified_gmt":"2023-05-02T05:04:44","slug":"debiles-explicaciones","status":"publish","type":"post","link":"https:\/\/blogs.elcomercio.es\/retorcida-realidad\/2023\/05\/02\/debiles-explicaciones\/","title":{"rendered":"D\u00e9biles explicaciones."},"content":{"rendered":"<p><a href=\"https:\/\/static-blogs.elcomercio.es\/wp-content\/uploads\/sites\/4\/2023\/05\/83070439-758x531.jpg\"><img loading=\"lazy\" class=\"size-medium wp-image-7329 alignleft\" src=\"https:\/\/static-blogs.elcomercio.es\/wp-content\/uploads\/sites\/4\/2023\/05\/83070439-758x531-300x210.jpg\" alt=\"\" width=\"300\" height=\"210\" srcset=\"https:\/\/static-blogs.elcomercio.es\/wp-content\/uploads\/sites\/4\/2023\/05\/83070439-758x531-300x210.jpg 300w, https:\/\/static-blogs.elcomercio.es\/wp-content\/uploads\/sites\/4\/2023\/05\/83070439-758x531.jpg 758w\" sizes=\"(max-width: 300px) 100vw, 300px\" \/><\/a>Sigue coleando el tema de la denegaci\u00f3n de 9,4 millones de euros en ayudas europeas. Dinero con el que se contaba para renovar la flota de autobuses de EMTUSA y diversas actuaciones de accesibilidad en Cimavilla, entre otras cosas. Pues bien, seg\u00fan vamos conociendo, el meollo de cuesti\u00f3n estuvo en una tasa impagada. En concreto, por importe de 5.322 euros y que grava la instalaci\u00f3n de las casetas en la playa de San Lorenzo. Hecho impositivo que deber\u00eda haberse abonado de forma voluntaria antes del 5 de julio de 2022 y, ojo, fue notificado el 25 de mayo, seg\u00fan nos cuentan en Delegaci\u00f3n del Gobierno. <strong>Sin embargo, las explicaciones hasta ahora recibidas desde instancias municipales podemos calificarlas como d\u00e9biles.<\/strong> Nos dicen, por ejemplo, que eso le puede pasar a cualquier particular. Hombre no, ninguno tiene la potente maquinaria administrativa del Ayuntamiento. <strong>Comparar a un simple contribuyente con un ej\u00e9rcito de funcionarios, la verdad, tiene bemoles.<\/strong> Tambi\u00e9n que no se tiene constancia de la notificaci\u00f3n en v\u00eda voluntaria, pag\u00e1ndose cuando lleg\u00f3 a la ejecutiva en octubre.<strong> \u00bfC\u00f3mo puede ser esto si actualmente este tipo de avisos suelen ser digitales, es decir, llegan mediante el correspondiente certificado electr\u00f3nico? \u00bfEs que alguien no las revisa?<\/strong> Eso s\u00ed, como placebo, nos recuerdan que ya se han conseguido 37 millones de euros en fondos europeos. Vale, \u00bfy qu\u00e9?<\/p>\n<p>El caso es que Gij\u00f3n, a falta de ver el resultado del recurso que se va a plantear, no disfrutar\u00e1 de estas ayudas a diferencia de otras ciudades asturianas. Oviedo, Siero y Mieres se reparten 10,4 millones. Todo lo m\u00e1s, seamos claros, a lo que aspiramos ahora es a entrar en lista de espera como le ha ocurrido a Avil\u00e9s, pero no por defectos de forma. <strong>Dudo mucho que el Ministerio de Transportes -ante el flagrante incumplimiento de la convocatoria- cambie el reparto actual entre 120 municipios espa\u00f1oles.<\/strong> Alguien ver\u00eda c\u00f3mo le quitan (o merman) lo que previamente le hab\u00eda sido adjudicado cumpliendo los requisitos. Adivinen entonces lo que har\u00e1: ir a los tribunales de cabeza. <strong>Todo lo m\u00e1s, repito, a lo que aspiramos es a que Transportes nos ponga a la cola cuando se produzca una ampliaci\u00f3n del presupuesto.<\/strong> Exactamente igual que actuar\u00eda este Ayuntamiento si cualquiera de nosotros incumple estar al corriente de las obligaciones tributarias, cuando se solicita una subvenci\u00f3n cualquiera. Qui\u00e9n a hierro mata, a hierro muere.<\/p>\n<p><em><strong>@balbuenajm<\/strong><\/em><\/p>\n<!-- AddThis Advanced Settings generic via filter on the_content --><!-- AddThis Share Buttons generic via filter on the_content -->","protected":false},"excerpt":{"rendered":"<p>Sigue coleando el tema de la denegaci\u00f3n de 9,4 millones de euros en ayudas europeas. Dinero con el que se contaba para renovar la flota de autobuses de EMTUSA y diversas actuaciones de accesibilidad en Cimavilla, entre otras cosas. Pues bien, seg\u00fan vamos conociendo, el meollo de cuesti\u00f3n estuvo en una tasa impagada. En concreto, [&hellip;]<!-- AddThis Advanced Settings generic via filter on get_the_excerpt --><!-- AddThis Share Buttons generic via filter on get_the_excerpt --><\/p>\n","protected":false},"author":5,"featured_media":0,"comment_status":"open","ping_status":"open","sticky":false,"template":"","format":"standard","meta":[],"categories":[1],"tags":[1287,312,87,709,669,1167,17],"_links":{"self":[{"href":"https:\/\/blogs.elcomercio.es\/retorcida-realidad\/wp-json\/wp\/v2\/posts\/7328"}],"collection":[{"href":"https:\/\/blogs.elcomercio.es\/retorcida-realidad\/wp-json\/wp\/v2\/posts"}],"about":[{"href":"https:\/\/blogs.elcomercio.es\/retorcida-realidad\/wp-json\/wp\/v2\/types\/post"}],"author":[{"embeddable":true,"href":"https:\/\/blogs.elcomercio.es\/retorcida-realidad\/wp-json\/wp\/v2\/users\/5"}],"replies":[{"embeddable":true,"href":"https:\/\/blogs.elcomercio.es\/retorcida-realidad\/wp-json\/wp\/v2\/comments?post=7328"}],"version-history":[{"count":1,"href":"https:\/\/blogs.elcomercio.es\/retorcida-realidad\/wp-json\/wp\/v2\/posts\/7328\/revisions"}],"predecessor-version":[{"id":7330,"href":"https:\/\/blogs.elcomercio.es\/retorcida-realidad\/wp-json\/wp\/v2\/posts\/7328\/revisions\/7330"}],"wp:attachment":[{"href":"https:\/\/blogs.elcomercio.es\/retorcida-realidad\/wp-json\/wp\/v2\/media?parent=7328"}],"wp:term":[{"taxonomy":"category","embeddable":true,"href":"https:\/\/blogs.elcomercio.es\/retorcida-realidad\/wp-json\/wp\/v2\/categories?post=7328"},{"taxonomy":"post_tag","embeddable":true,"href":"https:\/\/blogs.elcomercio.es\/retorcida-realidad\/wp-json\/wp\/v2\/tags?post=7328"}],"curies":[{"name":"wp","href":"https:\/\/api.w.org\/{rel}","templated":true}]}}