{"id":7331,"date":"2023-05-06T08:07:18","date_gmt":"2023-05-06T06:07:18","guid":{"rendered":"https:\/\/blogs.elcomercio.es\/retorcida-realidad\/?p=7331"},"modified":"2023-05-06T08:08:11","modified_gmt":"2023-05-06T06:08:11","slug":"vuelta-a-la-micropolitica","status":"publish","type":"post","link":"https:\/\/blogs.elcomercio.es\/retorcida-realidad\/2023\/05\/06\/vuelta-a-la-micropolitica\/","title":{"rendered":"Vuelta a la micropol\u00edtica."},"content":{"rendered":"<p><a href=\"https:\/\/static-blogs.elcomercio.es\/wp-content\/uploads\/sites\/4\/2023\/05\/83250453-758x531.jpg\"><img loading=\"lazy\" class=\"size-medium wp-image-7332 alignleft\" src=\"https:\/\/static-blogs.elcomercio.es\/wp-content\/uploads\/sites\/4\/2023\/05\/83250453-758x531-300x210.jpg\" alt=\"\" width=\"300\" height=\"210\" srcset=\"https:\/\/static-blogs.elcomercio.es\/wp-content\/uploads\/sites\/4\/2023\/05\/83250453-758x531-300x210.jpg 300w, https:\/\/static-blogs.elcomercio.es\/wp-content\/uploads\/sites\/4\/2023\/05\/83250453-758x531.jpg 758w\" sizes=\"(max-width: 300px) 100vw, 300px\" \/><\/a>Dos intercambiadores de autobuses, parques, jardines, soterramientos, peatonalizaciones, pabellones de nuevo cu\u00f1o\u2026 <strong>La lista de promesas electorales escuchadas hasta ahora es larga y seguir\u00e1 creciendo.<\/strong> A menos de una semana para que se inicie la campa\u00f1a, los partidos echan el resto con la visi\u00f3n de su Gij\u00f3n ideal. Nada que ver con el que tenemos puesto que ser\u00e1 moderno, sostenible, solidario, blablabl\u00e1. Si en 2015 el tema central estaba en fomentar las ayudas sociales, en la actualidad se habla m\u00e1s de infraestructuras. Dise\u00f1ar calles o plazas y, sobre todo, zonas verdes. <strong>En definitiva, volvemos a la micropol\u00edtica como tema principal.<\/strong> Todo ello, porque la ciudad necesita esa renovaci\u00f3n que no se ha producido durante a\u00f1os. Debido a las crisis econ\u00f3micas, pand\u00e9micas y tambi\u00e9n porque el discurso predominante estaba, como digo, en las pol\u00edticas sociales. Es m\u00e1s, incluso ahora parece que la econom\u00eda se encuentra en un segundo plano. <strong>De hecho, se comprometen m\u00e1s plazas de aparcamiento que empleos.<\/strong> La industria, claro, es bienvenida siempre que no produzca efectos secundarios. O sea, muestre alg\u00fan signo de contaminaci\u00f3n. La empresa privada es vista con recelo no vaya a ser que perjudique a lo p\u00fablico. Ejemplo: el hospital previsto en Nuevo Gij\u00f3n. <strong>A la postre, ofertas adaptadas a una sociedad que no demanda m\u00e1s puestos de trabajo, sino lo contrario: quiere lugares de ocio y relax con El Muro como eje de sus paseos matutinos. Se nota que tenemos dos tercios de la poblaci\u00f3n inactiva.<\/strong> Asimismo, tampoco nadie ha sacado a colaci\u00f3n el plan de v\u00edas. Objeto en anteriores campa\u00f1as de manifestaciones. Parece que est\u00e1 ah\u00ed durmiendo hasta que el Ministerio de Transportes redacte el proyecto. Situaci\u00f3n ins\u00f3lita que se resume en que antes ten\u00edamos un convenio y ahora solo un protocolo. <strong>Desconocemos, pues, si esta pr\u00f3xima legislatura veremos moverse alguna piedra. Pregunto, \u00bfo alguien lo puede asegurar?<\/strong><\/p>\n<p><em><strong>@balbuenajm<\/strong><\/em><\/p>\n<!-- AddThis Advanced Settings generic via filter on the_content --><!-- AddThis Share Buttons generic via filter on the_content -->","protected":false},"excerpt":{"rendered":"<p>Dos intercambiadores de autobuses, parques, jardines, soterramientos, peatonalizaciones, pabellones de nuevo cu\u00f1o\u2026 La lista de promesas electorales escuchadas hasta ahora es larga y seguir\u00e1 creciendo. A menos de una semana para que se inicie la campa\u00f1a, los partidos echan el resto con la visi\u00f3n de su Gij\u00f3n ideal. Nada que ver con el que tenemos [&hellip;]<!-- AddThis Advanced Settings generic via filter on get_the_excerpt --><!-- AddThis Share Buttons generic via filter on get_the_excerpt --><\/p>\n","protected":false},"author":5,"featured_media":0,"comment_status":"open","ping_status":"open","sticky":false,"template":"","format":"standard","meta":[],"categories":[1],"tags":[5,312,130,1285,236,17,126,66,114,23,496],"_links":{"self":[{"href":"https:\/\/blogs.elcomercio.es\/retorcida-realidad\/wp-json\/wp\/v2\/posts\/7331"}],"collection":[{"href":"https:\/\/blogs.elcomercio.es\/retorcida-realidad\/wp-json\/wp\/v2\/posts"}],"about":[{"href":"https:\/\/blogs.elcomercio.es\/retorcida-realidad\/wp-json\/wp\/v2\/types\/post"}],"author":[{"embeddable":true,"href":"https:\/\/blogs.elcomercio.es\/retorcida-realidad\/wp-json\/wp\/v2\/users\/5"}],"replies":[{"embeddable":true,"href":"https:\/\/blogs.elcomercio.es\/retorcida-realidad\/wp-json\/wp\/v2\/comments?post=7331"}],"version-history":[{"count":1,"href":"https:\/\/blogs.elcomercio.es\/retorcida-realidad\/wp-json\/wp\/v2\/posts\/7331\/revisions"}],"predecessor-version":[{"id":7333,"href":"https:\/\/blogs.elcomercio.es\/retorcida-realidad\/wp-json\/wp\/v2\/posts\/7331\/revisions\/7333"}],"wp:attachment":[{"href":"https:\/\/blogs.elcomercio.es\/retorcida-realidad\/wp-json\/wp\/v2\/media?parent=7331"}],"wp:term":[{"taxonomy":"category","embeddable":true,"href":"https:\/\/blogs.elcomercio.es\/retorcida-realidad\/wp-json\/wp\/v2\/categories?post=7331"},{"taxonomy":"post_tag","embeddable":true,"href":"https:\/\/blogs.elcomercio.es\/retorcida-realidad\/wp-json\/wp\/v2\/tags?post=7331"}],"curies":[{"name":"wp","href":"https:\/\/api.w.org\/{rel}","templated":true}]}}