{"id":7334,"date":"2023-05-09T06:44:39","date_gmt":"2023-05-09T04:44:39","guid":{"rendered":"https:\/\/blogs.elcomercio.es\/retorcida-realidad\/?p=7334"},"modified":"2023-05-09T06:45:47","modified_gmt":"2023-05-09T04:45:47","slug":"el-cerro-y-los-delfines","status":"publish","type":"post","link":"https:\/\/blogs.elcomercio.es\/retorcida-realidad\/2023\/05\/09\/el-cerro-y-los-delfines\/","title":{"rendered":"El Cerro y los delfines."},"content":{"rendered":"<p><a href=\"https:\/\/static-blogs.elcomercio.es\/wp-content\/uploads\/sites\/4\/2023\/05\/rescate-hombre-gijon-damian-U1901020760570qIG-U200216309250BxH-758x531@El-Comercio.jpg\"><img loading=\"lazy\" class=\"size-medium wp-image-7335 alignleft\" src=\"https:\/\/static-blogs.elcomercio.es\/wp-content\/uploads\/sites\/4\/2023\/05\/rescate-hombre-gijon-damian-U1901020760570qIG-U200216309250BxH-758x531@El-Comercio-300x210.jpg\" alt=\"\" width=\"300\" height=\"210\" srcset=\"https:\/\/static-blogs.elcomercio.es\/wp-content\/uploads\/sites\/4\/2023\/05\/rescate-hombre-gijon-damian-U1901020760570qIG-U200216309250BxH-758x531@El-Comercio-300x210.jpg 300w, https:\/\/static-blogs.elcomercio.es\/wp-content\/uploads\/sites\/4\/2023\/05\/rescate-hombre-gijon-damian-U1901020760570qIG-U200216309250BxH-758x531@El-Comercio.jpg 758w\" sizes=\"(max-width: 300px) 100vw, 300px\" \/><\/a>En octubre de 2021 los equipos de emergencia tuvieron que rescatar a una menor: se hab\u00eda precipitado por el Cerro de Santa Catalina intentando poner fin a su vida. Previamente, apenas dos meses antes, la Polic\u00eda Local evit\u00f3 que un hombre se tirase al mar. En mayo de 2022, y con menos de 24 horas de diferencia, dos sucesos se produjeron en esta misma zona. Un joven de 19 a\u00f1os se situ\u00f3 al borde del precipicio con la intenci\u00f3n de saltar. Agentes de la Polic\u00eda Nacional estuvieron dialogando con \u00e9l durante hora y media, consiguiendo agarrarle in extremis cuando estaba a punto de hacerlo. Hab\u00eda dejado mensajes de despedida a familiares y amigos, entre otros a su hermana que estaba presenciando el rescate. Pocas horas despu\u00e9s se produjo una situaci\u00f3n similar. Una mujer pretendi\u00f3 tirarse desde el Cerro, siendo disuadida por la misma agente de la Polic\u00eda que hab\u00eda participado en el intento anterior. A todos nos ha conmovido la tr\u00e1gica muerte de la joven Claudia. Entre las razones para terminar con su vida saltando por Santa Catalina el viernes 28 de abril, estuvo un presunto acoso escolar que sufri\u00f3 en su anterior etapa educativa. En la emotiva carta que redact\u00f3 como despedida as\u00ed lo manifest\u00f3. La comunidad escolar ha reaccionado reabriendo el debate contra el llamado \u00abbullyng\u00bb y los severos da\u00f1os que produce. El pasado jueves un hombre se precipit\u00f3 al vac\u00edo por el acantilado y no logr\u00f3 superar la gravedad de sus heridas. Ten\u00eda 46 a\u00f1os, era vecino de Langreo y estaba aquejado de una enfermedad cr\u00f3nica.<\/p>\n<p><a href=\"https:\/\/static-blogs.elcomercio.es\/wp-content\/uploads\/sites\/4\/2023\/05\/delfines-gijon-758x531.jpg\"><img loading=\"lazy\" class=\"size-medium wp-image-7336 alignleft\" src=\"https:\/\/static-blogs.elcomercio.es\/wp-content\/uploads\/sites\/4\/2023\/05\/delfines-gijon-758x531-300x210.jpg\" alt=\"\" width=\"300\" height=\"210\" srcset=\"https:\/\/static-blogs.elcomercio.es\/wp-content\/uploads\/sites\/4\/2023\/05\/delfines-gijon-758x531-300x210.jpg 300w, https:\/\/static-blogs.elcomercio.es\/wp-content\/uploads\/sites\/4\/2023\/05\/delfines-gijon-758x531.jpg 758w\" sizes=\"(max-width: 300px) 100vw, 300px\" \/><\/a>El relato de los hechos antes mencionados es de apenas dos a\u00f1os atr\u00e1s, pero la lista ser\u00eda mayor si nos vamos m\u00e1s all\u00e1 en el tiempo. Raro es el periodo donde no se producen sucesos similares. Algunos con final feliz y otros no. <strong>\u00bfQu\u00e9 nos est\u00e1 pasando? \u00bfPor qu\u00e9 esta ola de intentos de suicidios -algunos consumados- con epicentro en este lugar? \u00bfEst\u00e1 nuestra salud mental muy da\u00f1ada por la pandemia?<\/strong> Sin duda, ahora que empieza la campa\u00f1a electoral, bueno ser\u00eda reflexionar sobre las causas y posibles soluciones ante la alarma generada en nuestra sociedad. <strong>El futuro Consistorio que se forme no puede ser ajeno a este grave problema que se est\u00e1 manifestando cada vez con mayor virulencia. Urge tomar medidas para mejorar nuestro bienestar mental.<\/strong> Mientras tanto, y ante tanta desaz\u00f3n, un grupo de delfines chapoteaba el s\u00e1bado por la ma\u00f1ana en el Cerro de Santa Catalina.<\/p>\n<p><em><strong>@balbuenajm<\/strong><\/em><\/p>\n<!-- AddThis Advanced Settings generic via filter on the_content --><!-- AddThis Share Buttons generic via filter on the_content -->","protected":false},"excerpt":{"rendered":"<p>En octubre de 2021 los equipos de emergencia tuvieron que rescatar a una menor: se hab\u00eda precipitado por el Cerro de Santa Catalina intentando poner fin a su vida. Previamente, apenas dos meses antes, la Polic\u00eda Local evit\u00f3 que un hombre se tirase al mar. En mayo de 2022, y con menos de 24 horas [&hellip;]<!-- AddThis Advanced Settings generic via filter on get_the_excerpt --><!-- AddThis Share Buttons generic via filter on get_the_excerpt --><\/p>\n","protected":false},"author":5,"featured_media":0,"comment_status":"open","ping_status":"open","sticky":false,"template":"","format":"standard","meta":[],"categories":[1],"tags":[312,87,1290,17,1289,1288],"_links":{"self":[{"href":"https:\/\/blogs.elcomercio.es\/retorcida-realidad\/wp-json\/wp\/v2\/posts\/7334"}],"collection":[{"href":"https:\/\/blogs.elcomercio.es\/retorcida-realidad\/wp-json\/wp\/v2\/posts"}],"about":[{"href":"https:\/\/blogs.elcomercio.es\/retorcida-realidad\/wp-json\/wp\/v2\/types\/post"}],"author":[{"embeddable":true,"href":"https:\/\/blogs.elcomercio.es\/retorcida-realidad\/wp-json\/wp\/v2\/users\/5"}],"replies":[{"embeddable":true,"href":"https:\/\/blogs.elcomercio.es\/retorcida-realidad\/wp-json\/wp\/v2\/comments?post=7334"}],"version-history":[{"count":1,"href":"https:\/\/blogs.elcomercio.es\/retorcida-realidad\/wp-json\/wp\/v2\/posts\/7334\/revisions"}],"predecessor-version":[{"id":7337,"href":"https:\/\/blogs.elcomercio.es\/retorcida-realidad\/wp-json\/wp\/v2\/posts\/7334\/revisions\/7337"}],"wp:attachment":[{"href":"https:\/\/blogs.elcomercio.es\/retorcida-realidad\/wp-json\/wp\/v2\/media?parent=7334"}],"wp:term":[{"taxonomy":"category","embeddable":true,"href":"https:\/\/blogs.elcomercio.es\/retorcida-realidad\/wp-json\/wp\/v2\/categories?post=7334"},{"taxonomy":"post_tag","embeddable":true,"href":"https:\/\/blogs.elcomercio.es\/retorcida-realidad\/wp-json\/wp\/v2\/tags?post=7334"}],"curies":[{"name":"wp","href":"https:\/\/api.w.org\/{rel}","templated":true}]}}