{"id":7339,"date":"2023-05-13T07:35:24","date_gmt":"2023-05-13T05:35:24","guid":{"rendered":"https:\/\/blogs.elcomercio.es\/retorcida-realidad\/?p=7339"},"modified":"2023-05-13T07:35:24","modified_gmt":"2023-05-13T05:35:24","slug":"milagros-electorales","status":"publish","type":"post","link":"https:\/\/blogs.elcomercio.es\/retorcida-realidad\/2023\/05\/13\/milagros-electorales\/","title":{"rendered":"Milagros electorales."},"content":{"rendered":"<p><strong><a href=\"https:\/\/static-blogs.elcomercio.es\/wp-content\/uploads\/sites\/4\/2023\/05\/83433949-758x531.jpg\"><img loading=\"lazy\" class=\"size-medium wp-image-7340 alignleft\" src=\"https:\/\/static-blogs.elcomercio.es\/wp-content\/uploads\/sites\/4\/2023\/05\/83433949-758x531-300x210.jpg\" alt=\"\" width=\"300\" height=\"210\" srcset=\"https:\/\/static-blogs.elcomercio.es\/wp-content\/uploads\/sites\/4\/2023\/05\/83433949-758x531-300x210.jpg 300w, https:\/\/static-blogs.elcomercio.es\/wp-content\/uploads\/sites\/4\/2023\/05\/83433949-758x531.jpg 758w\" sizes=\"(max-width: 300px) 100vw, 300px\" \/><\/a>Hay veces que en una semana se avanza m\u00e1s que en 20 a\u00f1os.<\/strong> Es el caso del vial de Jove. Obra que, por fin, aprob\u00f3 su licitaci\u00f3n, despu\u00e9s de una larga y vergonzosa historia de retrasos e incumplimientos. Recuerden que en su \u00faltima visita a Gij\u00f3n la ministra de Transportes, <em>Raquel S\u00e1nchez<\/em>, nos dijo aquello de <em>\u00abpronto tendremos buenas noticias sobre Jove\u00bb.<\/em> Las mismas fueron que en los Presupuestos Generales del Estado (PGE) de 2023 no hab\u00eda una programaci\u00f3n plurianual para su desarrollo. Consignaban fondos por valor de 73 millones de euros cuando el proyecto tiene un monto inicial de 236,11 millones. Recuerden tambi\u00e9n que en los anteriores PGE las partidas eran de 100.000 euros anuales. Grito en el cielo, petici\u00f3n un\u00e1nime de los grupos pol\u00edticos en el \u00faltimo Pleno ordinario del mandato, carta dura de la alcaldesa\u2026 Nada. <strong>Sin duda, lo que m\u00e1s influy\u00f3 fue que este jueves se inici\u00f3 la campa\u00f1a electoral. Por eso, el martes tuvimos el anuncio.<\/strong> Ahora bien, queda todav\u00eda mucho camino por recorrer: adjudicar y ejecutar la obra. Casi nada. Muchas de nuestras infraestructuras superaron este primer tr\u00e1mite y luego se quedaron en el limbo. Eso s\u00ed, de momento disfrutemos de este milagro electoral. A las c\u00e1maras de vigilancia de la zona rural les ha pasado algo parecido. Se decidieron instalar en una Junta Local de Seguridad all\u00e1 por diciembre de 2022 y tras 43 robos perpetrados. Esta misma semana los vecinos de Castiello levantaban la voz ante el retraso en su instalaci\u00f3n, adem\u00e1s, l\u00f3gicamente, de que era el tema principal de cr\u00edtica cuando los candidatos de los distintos partidos visitaban la zona rural. \u00a1Oh casualidad! La Comisi\u00f3n de Garant\u00edas de Videovigilancia, dependiente del Gobierno central, aprob\u00f3 el mi\u00e9rcoles la instalaci\u00f3n de 73 c\u00e1maras. Oigan, \u00bfpor qu\u00e9 ser\u00e1? <strong>Conclusi\u00f3n: deber\u00edamos tener elecciones todos los a\u00f1os. Por lo visto, es la \u00fanica manera de que se hagan las cosas.<\/strong><\/p>\n<p><em><strong>@balbuenajm<\/strong><\/em><\/p>\n<!-- AddThis Advanced Settings generic via filter on the_content --><!-- AddThis Share Buttons generic via filter on the_content -->","protected":false},"excerpt":{"rendered":"<p>Hay veces que en una semana se avanza m\u00e1s que en 20 a\u00f1os. Es el caso del vial de Jove. Obra que, por fin, aprob\u00f3 su licitaci\u00f3n, despu\u00e9s de una larga y vergonzosa historia de retrasos e incumplimientos. Recuerden que en su \u00faltima visita a Gij\u00f3n la ministra de Transportes, Raquel S\u00e1nchez, nos dijo aquello [&hellip;]<!-- AddThis Advanced Settings generic via filter on get_the_excerpt --><!-- AddThis Share Buttons generic via filter on get_the_excerpt --><\/p>\n","protected":false},"author":5,"featured_media":0,"comment_status":"open","ping_status":"open","sticky":false,"template":"","format":"standard","meta":[],"categories":[1],"tags":[1291,1285,17,1292,1122,1078,1265],"_links":{"self":[{"href":"https:\/\/blogs.elcomercio.es\/retorcida-realidad\/wp-json\/wp\/v2\/posts\/7339"}],"collection":[{"href":"https:\/\/blogs.elcomercio.es\/retorcida-realidad\/wp-json\/wp\/v2\/posts"}],"about":[{"href":"https:\/\/blogs.elcomercio.es\/retorcida-realidad\/wp-json\/wp\/v2\/types\/post"}],"author":[{"embeddable":true,"href":"https:\/\/blogs.elcomercio.es\/retorcida-realidad\/wp-json\/wp\/v2\/users\/5"}],"replies":[{"embeddable":true,"href":"https:\/\/blogs.elcomercio.es\/retorcida-realidad\/wp-json\/wp\/v2\/comments?post=7339"}],"version-history":[{"count":1,"href":"https:\/\/blogs.elcomercio.es\/retorcida-realidad\/wp-json\/wp\/v2\/posts\/7339\/revisions"}],"predecessor-version":[{"id":7341,"href":"https:\/\/blogs.elcomercio.es\/retorcida-realidad\/wp-json\/wp\/v2\/posts\/7339\/revisions\/7341"}],"wp:attachment":[{"href":"https:\/\/blogs.elcomercio.es\/retorcida-realidad\/wp-json\/wp\/v2\/media?parent=7339"}],"wp:term":[{"taxonomy":"category","embeddable":true,"href":"https:\/\/blogs.elcomercio.es\/retorcida-realidad\/wp-json\/wp\/v2\/categories?post=7339"},{"taxonomy":"post_tag","embeddable":true,"href":"https:\/\/blogs.elcomercio.es\/retorcida-realidad\/wp-json\/wp\/v2\/tags?post=7339"}],"curies":[{"name":"wp","href":"https:\/\/api.w.org\/{rel}","templated":true}]}}