{"id":7342,"date":"2023-05-16T07:33:55","date_gmt":"2023-05-16T05:33:55","guid":{"rendered":"https:\/\/blogs.elcomercio.es\/retorcida-realidad\/?p=7342"},"modified":"2023-05-16T07:35:14","modified_gmt":"2023-05-16T05:35:14","slug":"igual-hasta-aciertan","status":"publish","type":"post","link":"https:\/\/blogs.elcomercio.es\/retorcida-realidad\/2023\/05\/16\/igual-hasta-aciertan\/","title":{"rendered":"Igual hasta aciertan."},"content":{"rendered":"<p><a href=\"https:\/\/static-blogs.elcomercio.es\/wp-content\/uploads\/sites\/4\/2023\/05\/81944121-758x531.jpg\"><img loading=\"lazy\" class=\"size-medium wp-image-7343 alignleft\" src=\"https:\/\/static-blogs.elcomercio.es\/wp-content\/uploads\/sites\/4\/2023\/05\/81944121-758x531-300x210.jpg\" alt=\"\" width=\"300\" height=\"210\" srcset=\"https:\/\/static-blogs.elcomercio.es\/wp-content\/uploads\/sites\/4\/2023\/05\/81944121-758x531-300x210.jpg 300w, https:\/\/static-blogs.elcomercio.es\/wp-content\/uploads\/sites\/4\/2023\/05\/81944121-758x531.jpg 758w\" sizes=\"(max-width: 300px) 100vw, 300px\" \/><\/a>Primero nos dijeron que en el primer semestre de 2025 y ahora sabemos que finalmente ser\u00e1 en octubre. Me refiero a la redacci\u00f3n de los proyectos de construcci\u00f3n de la a\u00f1orada estaci\u00f3n intermodal de Gij\u00f3n. Todo ello, despu\u00e9s de que el Administrador de Infraestructuras Ferroviarias (Adif) firmase ya un contrato con una uni\u00f3n temporal de empresas, tal y como inform\u00f3 este s\u00e1bado EL COMERCIO. Habr\u00e1n pasado, pues, bastante m\u00e1s de tres a\u00f1os (enero de 2022) desde que se publicase en el BOE la declaraci\u00f3n de impacto ambiental. A la postre, la certificaci\u00f3n de que Moreda iba a ser el emplazamiento definitivo. Bastante m\u00e1s de cuatro a\u00f1os desde que nuestra alcaldesa, Ana Gonz\u00e1lez, lograse imponer su versi\u00f3n del plan (mayo del 2021) rompiendo el convenio firmado en 2019 donde se ubicaba junto al Museo del Ferrocarril. M\u00e1s de una legislatura, ojo, solo para intentar hacer realidad unos planos de la intermodal. <strong>En definitiva, aunque en su d\u00eda se dijese lo contrario, hemos vivido de nuevo un volver a empezar con nuestra eterna integraci\u00f3n ferroviaria que contin\u00faa acumulando retrasos e incumplimientos.<\/strong> M\u00e1xime, si tenemos en cuenta que habr\u00e1 un Gobierno central diferente, puesto que las elecciones generales ya se ven por el horizonte. O sea, otra c\u00fapula en el Ministerio de Transportes a la que es necesario informar de que llevamos 21 a\u00f1os esperando por una terminal digna. <strong>Sin duda, desesperante.<\/strong><\/p>\n<p>Tambi\u00e9n lo es que la estaci\u00f3n de autobuses sigue siendo la pariente pobre del plan. <strong>Los intercambiadores florecen por nuestra ciudad (ya van dos anunciados), pero la aut\u00e9ntica terminal no (Adif solo le pide al proyecto de la intermodal su ubicaci\u00f3n y un \u00abdise\u00f1o preliminar\u00bb).<\/strong> Es decir, habr\u00e1 que licitar aparte su construcci\u00f3n y eso le va a corresponder a la sociedad Gij\u00f3n al Norte. Aviados vamos. En fin, dado que estamos en plena campa\u00f1a, sigue sorprendiendo lo poco que aparece el plan de v\u00edas. Entre otras cosas, porque es la infraestrucutra donde mejor se visualiza los males que aquejan a nuestro trozo de para\u00edso natural. Vean si no. 18 a\u00f1os para licitar el vial de Jove, 20 que lleva la ZALIA siendo un p\u00e1ramo, 9 para intentar reabrir la autopista del mar y ni se la espera\u2026 \u00bfsigo? <strong>Dado que es tiempo electoral, repito, a ver si los respectivos candidatos se atreven a dar un plazo para acabar estas obras que se han convertido en aut\u00e9nticos zombis. Igual hasta aciertan.<\/strong><\/p>\n<p><em><strong>@balbuenajm<\/strong><\/em><\/p>\n<!-- AddThis Advanced Settings generic via filter on the_content --><!-- AddThis Share Buttons generic via filter on the_content -->","protected":false},"excerpt":{"rendered":"<p>Primero nos dijeron que en el primer semestre de 2025 y ahora sabemos que finalmente ser\u00e1 en octubre. Me refiero a la redacci\u00f3n de los proyectos de construcci\u00f3n de la a\u00f1orada estaci\u00f3n intermodal de Gij\u00f3n. Todo ello, despu\u00e9s de que el Administrador de Infraestructuras Ferroviarias (Adif) firmase ya un contrato con una uni\u00f3n temporal de [&hellip;]<!-- AddThis Advanced Settings generic via filter on get_the_excerpt --><!-- AddThis Share Buttons generic via filter on get_the_excerpt --><\/p>\n","protected":false},"author":5,"featured_media":0,"comment_status":"open","ping_status":"open","sticky":false,"template":"","format":"standard","meta":[],"categories":[1],"tags":[312,1194,32,17,618,36],"_links":{"self":[{"href":"https:\/\/blogs.elcomercio.es\/retorcida-realidad\/wp-json\/wp\/v2\/posts\/7342"}],"collection":[{"href":"https:\/\/blogs.elcomercio.es\/retorcida-realidad\/wp-json\/wp\/v2\/posts"}],"about":[{"href":"https:\/\/blogs.elcomercio.es\/retorcida-realidad\/wp-json\/wp\/v2\/types\/post"}],"author":[{"embeddable":true,"href":"https:\/\/blogs.elcomercio.es\/retorcida-realidad\/wp-json\/wp\/v2\/users\/5"}],"replies":[{"embeddable":true,"href":"https:\/\/blogs.elcomercio.es\/retorcida-realidad\/wp-json\/wp\/v2\/comments?post=7342"}],"version-history":[{"count":1,"href":"https:\/\/blogs.elcomercio.es\/retorcida-realidad\/wp-json\/wp\/v2\/posts\/7342\/revisions"}],"predecessor-version":[{"id":7344,"href":"https:\/\/blogs.elcomercio.es\/retorcida-realidad\/wp-json\/wp\/v2\/posts\/7342\/revisions\/7344"}],"wp:attachment":[{"href":"https:\/\/blogs.elcomercio.es\/retorcida-realidad\/wp-json\/wp\/v2\/media?parent=7342"}],"wp:term":[{"taxonomy":"category","embeddable":true,"href":"https:\/\/blogs.elcomercio.es\/retorcida-realidad\/wp-json\/wp\/v2\/categories?post=7342"},{"taxonomy":"post_tag","embeddable":true,"href":"https:\/\/blogs.elcomercio.es\/retorcida-realidad\/wp-json\/wp\/v2\/tags?post=7342"}],"curies":[{"name":"wp","href":"https:\/\/api.w.org\/{rel}","templated":true}]}}