{"id":7345,"date":"2023-05-20T08:10:55","date_gmt":"2023-05-20T06:10:55","guid":{"rendered":"https:\/\/blogs.elcomercio.es\/retorcida-realidad\/?p=7345"},"modified":"2023-05-20T08:25:24","modified_gmt":"2023-05-20T06:25:24","slug":"una-semana","status":"publish","type":"post","link":"https:\/\/blogs.elcomercio.es\/retorcida-realidad\/2023\/05\/20\/una-semana\/","title":{"rendered":"Una semana."},"content":{"rendered":"<p><a href=\"https:\/\/static-blogs.elcomercio.es\/wp-content\/uploads\/sites\/4\/2023\/05\/candidatos-gijon-alcaldia-kXO-U200214710965MQF-758x531@El-Comercio.jpg\"><img loading=\"lazy\" class=\"size-medium wp-image-7346 alignleft\" src=\"https:\/\/static-blogs.elcomercio.es\/wp-content\/uploads\/sites\/4\/2023\/05\/candidatos-gijon-alcaldia-kXO-U200214710965MQF-758x531@El-Comercio-300x210.jpg\" alt=\"\" width=\"300\" height=\"210\" srcset=\"https:\/\/static-blogs.elcomercio.es\/wp-content\/uploads\/sites\/4\/2023\/05\/candidatos-gijon-alcaldia-kXO-U200214710965MQF-758x531@El-Comercio-300x210.jpg 300w, https:\/\/static-blogs.elcomercio.es\/wp-content\/uploads\/sites\/4\/2023\/05\/candidatos-gijon-alcaldia-kXO-U200214710965MQF-758x531@El-Comercio.jpg 758w\" sizes=\"(max-width: 300px) 100vw, 300px\" \/><\/a>En el ecuador de esta campa\u00f1a electoral dudo mucho que a alguien le falte informaci\u00f3n sobre los candidatos. Es decir, qu\u00e9 van a hacer con el bast\u00f3n de mando, lo que proponen, les gusta comer, beber o las aficiones que practican. Exactamente lo mismo que con los programas de los partidos, puesto que llevamos desde enero en modo electoral.<strong> A estas alturas, digo, entiendo que ya cada uno deber\u00edamos tener bastante decidido nuestro voto.<\/strong> Eso s\u00ed, en esta segunda parte, escuchar\u00e1n que se va a tratar de convencer a los indecisos. Una especie de unicornios que en cada uno de los comicios son muchos, pero que luego en la realidad no existen. En este sentido, el debate pol\u00edtico que tuvo lugar esta semana en el Teatro Jovellanos, organizado por la Federaci\u00f3n de Asociaciones Vecinales (FAV), no creo que haya influido demasiado en los gijoneses. Entre otras cosas, por la falta de un formato audiovisual para seguirlo. Es decir, solo pod\u00edan verlo aquellos que hubiesen podido adquirir la entrada gratuita correspondiente. Sin duda, se agradece el af\u00e1n de la FAV por organizar este evento que empieza a ser un cl\u00e1sico, ahora bien, tendr\u00eda que mejorar en cuanto a su difusi\u00f3n.<strong> Ni todo el mundo cabe en el Jovellanos, ni puede acudir a la cita.<\/strong> Tambi\u00e9n es obvio que los partidos nacionales se est\u00e1n tomando estas auton\u00f3micas y municipales como una primera vuelta de las generales. Su cercan\u00eda se nota y los l\u00edderes est\u00e1n presentes en cada uno de los municipios. Incluso a pesar de que antes no los hubieran pisado jam\u00e1s, ni supiesen que exist\u00edan. De hecho, traen discursos previamente cocinados (lo mismo valen para Gij\u00f3n que Pernambuco) y los sueltan a quien quiera degustarlos. <strong>A estas alturas, repito, se me antoja que el pescado est\u00e1 ya casi vendido. A las campa\u00f1as electorales les sobra una semana. Con lo visto es m\u00e1s que de sobra.<\/strong><\/p>\n<p><em><strong>@balbuenajm<\/strong><\/em><\/p>\n<!-- AddThis Advanced Settings generic via filter on the_content --><!-- AddThis Share Buttons generic via filter on the_content -->","protected":false},"excerpt":{"rendered":"<p>En el ecuador de esta campa\u00f1a electoral dudo mucho que a alguien le falte informaci\u00f3n sobre los candidatos. Es decir, qu\u00e9 van a hacer con el bast\u00f3n de mando, lo que proponen, les gusta comer, beber o las aficiones que practican. Exactamente lo mismo que con los programas de los partidos, puesto que llevamos desde [&hellip;]<!-- AddThis Advanced Settings generic via filter on get_the_excerpt --><!-- AddThis Share Buttons generic via filter on get_the_excerpt --><\/p>\n","protected":false},"author":5,"featured_media":0,"comment_status":"open","ping_status":"open","sticky":false,"template":"","format":"standard","meta":[],"categories":[1],"tags":[1293,130,1285,236,17,126,114,23,496],"_links":{"self":[{"href":"https:\/\/blogs.elcomercio.es\/retorcida-realidad\/wp-json\/wp\/v2\/posts\/7345"}],"collection":[{"href":"https:\/\/blogs.elcomercio.es\/retorcida-realidad\/wp-json\/wp\/v2\/posts"}],"about":[{"href":"https:\/\/blogs.elcomercio.es\/retorcida-realidad\/wp-json\/wp\/v2\/types\/post"}],"author":[{"embeddable":true,"href":"https:\/\/blogs.elcomercio.es\/retorcida-realidad\/wp-json\/wp\/v2\/users\/5"}],"replies":[{"embeddable":true,"href":"https:\/\/blogs.elcomercio.es\/retorcida-realidad\/wp-json\/wp\/v2\/comments?post=7345"}],"version-history":[{"count":1,"href":"https:\/\/blogs.elcomercio.es\/retorcida-realidad\/wp-json\/wp\/v2\/posts\/7345\/revisions"}],"predecessor-version":[{"id":7347,"href":"https:\/\/blogs.elcomercio.es\/retorcida-realidad\/wp-json\/wp\/v2\/posts\/7345\/revisions\/7347"}],"wp:attachment":[{"href":"https:\/\/blogs.elcomercio.es\/retorcida-realidad\/wp-json\/wp\/v2\/media?parent=7345"}],"wp:term":[{"taxonomy":"category","embeddable":true,"href":"https:\/\/blogs.elcomercio.es\/retorcida-realidad\/wp-json\/wp\/v2\/categories?post=7345"},{"taxonomy":"post_tag","embeddable":true,"href":"https:\/\/blogs.elcomercio.es\/retorcida-realidad\/wp-json\/wp\/v2\/tags?post=7345"}],"curies":[{"name":"wp","href":"https:\/\/api.w.org\/{rel}","templated":true}]}}