{"id":7355,"date":"2023-05-27T07:54:54","date_gmt":"2023-05-27T05:54:54","guid":{"rendered":"https:\/\/blogs.elcomercio.es\/retorcida-realidad\/?p=7355"},"modified":"2023-05-27T07:55:37","modified_gmt":"2023-05-27T05:55:37","slug":"la-muerte-dulce-2","status":"publish","type":"post","link":"https:\/\/blogs.elcomercio.es\/retorcida-realidad\/2023\/05\/27\/la-muerte-dulce-2\/","title":{"rendered":"La muerte dulce."},"content":{"rendered":"<p><a href=\"https:\/\/static-blogs.elcomercio.es\/wp-content\/uploads\/sites\/4\/2023\/05\/panoramica-de-gijon-desde-la-campa-torres-con-picos-de-europa-de-fondo.jpg\"><img loading=\"lazy\" class=\"size-medium wp-image-7356 alignleft\" src=\"https:\/\/static-blogs.elcomercio.es\/wp-content\/uploads\/sites\/4\/2023\/05\/panoramica-de-gijon-desde-la-campa-torres-con-picos-de-europa-de-fondo-300x190.jpg\" alt=\"\" width=\"300\" height=\"190\" srcset=\"https:\/\/static-blogs.elcomercio.es\/wp-content\/uploads\/sites\/4\/2023\/05\/panoramica-de-gijon-desde-la-campa-torres-con-picos-de-europa-de-fondo-300x190.jpg 300w, https:\/\/static-blogs.elcomercio.es\/wp-content\/uploads\/sites\/4\/2023\/05\/panoramica-de-gijon-desde-la-campa-torres-con-picos-de-europa-de-fondo.jpg 708w\" sizes=\"(max-width: 300px) 100vw, 300px\" \/><\/a>Gij\u00f3n y su \u00e1rea metropolitana (Villaviciosa y Carre\u00f1o) ocupa la decimotercera posici\u00f3n en renta anual por habitante de Espa\u00f1a. Nos estiman unos ingresos de 13.766 euros. Todo ello, seg\u00fan la encuesta sobre Indicadores Urbanos publicada esta misma semana por el Instituto Nacional de Estad\u00edstica (INE). Estamos a 474 euros de Oviedo (14.420 euros) que ocupa la octava posici\u00f3n. Sin embargo, el mismo INE nos se\u00f1ala como la tercera \u00e1rea urbana del pa\u00eds con una menor tasa de actividad. Esto es, personas que trabajan o est\u00e1n en condiciones de trabajar. Apenas un 50,4% de los gijoneses est\u00e1 o quiere acceder al mercado laboral. Comp\u00e1renlo, sin ir m\u00e1s lejos, con el municipio de Rivas-Vaciamadrid donde la tasa llega al 69,8%. Es m\u00e1s, dentro de nuestro para\u00edso natural, solo nos supera Avil\u00e9s con un 50,3% y estamos muy cerca de la ciudad que menos trabajadores tiene en Espa\u00f1a: El Ferrol con un 50,1%. <strong>\u00bfC\u00f3mo podemos tener ese nivel de renta con una tasa de actividad tan baja? \u00bfQu\u00e9 es entonces lo que nos mantiene en esa privilegiada posici\u00f3n? La respuesta es bien sencilla: las pensiones son el gran motor motor de nuestra econom\u00eda.<\/strong> Gracias a ellas nos encontramos por encima de la media espa\u00f1ola. \u00bfEs esto sostenible? Desde luego que no. En cuanto el dinero de las clases pasivas deje de fluir hacia Gij\u00f3n (y Asturias) nuestro nivel de vida ir\u00e1 sucesivamente cayendo. Eso, claro, si no logramos aumentar el dinamismo econ\u00f3mico del concejo. He aqu\u00ed, pues, un tema que deber\u00e1 convertirse en el centro de gravedad de la pr\u00f3xima legislatura. <strong>Si queremos reflexionar sobre el futuro, no podemos obviar que nuestro mercado laboral es cada vez m\u00e1s peque\u00f1o.<\/strong> M\u00e1xime con el problema (problem\u00f3n) demogr\u00e1fico que impide aumentar la poblaci\u00f3n. <strong>Si queremos reflexionar, repito, bueno ser\u00eda darnos cuenta de que estemos viviendo en una muerte dulce de la quiz\u00e1 todav\u00eda no somos conscientes.<\/strong><\/p>\n<p><em><strong>@balbuenajm<\/strong><\/em><\/p>\n<!-- AddThis Advanced Settings generic via filter on the_content --><!-- AddThis Share Buttons generic via filter on the_content -->","protected":false},"excerpt":{"rendered":"<p>Gij\u00f3n y su \u00e1rea metropolitana (Villaviciosa y Carre\u00f1o) ocupa la decimotercera posici\u00f3n en renta anual por habitante de Espa\u00f1a. Nos estiman unos ingresos de 13.766 euros. Todo ello, seg\u00fan la encuesta sobre Indicadores Urbanos publicada esta misma semana por el Instituto Nacional de Estad\u00edstica (INE). Estamos a 474 euros de Oviedo (14.420 euros) que ocupa [&hellip;]<!-- AddThis Advanced Settings generic via filter on get_the_excerpt --><!-- AddThis Share Buttons generic via filter on get_the_excerpt --><\/p>\n","protected":false},"author":5,"featured_media":0,"comment_status":"open","ping_status":"open","sticky":false,"template":"","format":"standard","meta":[],"categories":[1],"tags":[312,142,285,17,141],"_links":{"self":[{"href":"https:\/\/blogs.elcomercio.es\/retorcida-realidad\/wp-json\/wp\/v2\/posts\/7355"}],"collection":[{"href":"https:\/\/blogs.elcomercio.es\/retorcida-realidad\/wp-json\/wp\/v2\/posts"}],"about":[{"href":"https:\/\/blogs.elcomercio.es\/retorcida-realidad\/wp-json\/wp\/v2\/types\/post"}],"author":[{"embeddable":true,"href":"https:\/\/blogs.elcomercio.es\/retorcida-realidad\/wp-json\/wp\/v2\/users\/5"}],"replies":[{"embeddable":true,"href":"https:\/\/blogs.elcomercio.es\/retorcida-realidad\/wp-json\/wp\/v2\/comments?post=7355"}],"version-history":[{"count":1,"href":"https:\/\/blogs.elcomercio.es\/retorcida-realidad\/wp-json\/wp\/v2\/posts\/7355\/revisions"}],"predecessor-version":[{"id":7357,"href":"https:\/\/blogs.elcomercio.es\/retorcida-realidad\/wp-json\/wp\/v2\/posts\/7355\/revisions\/7357"}],"wp:attachment":[{"href":"https:\/\/blogs.elcomercio.es\/retorcida-realidad\/wp-json\/wp\/v2\/media?parent=7355"}],"wp:term":[{"taxonomy":"category","embeddable":true,"href":"https:\/\/blogs.elcomercio.es\/retorcida-realidad\/wp-json\/wp\/v2\/categories?post=7355"},{"taxonomy":"post_tag","embeddable":true,"href":"https:\/\/blogs.elcomercio.es\/retorcida-realidad\/wp-json\/wp\/v2\/tags?post=7355"}],"curies":[{"name":"wp","href":"https:\/\/api.w.org\/{rel}","templated":true}]}}