{"id":7358,"date":"2023-05-29T06:30:19","date_gmt":"2023-05-29T04:30:19","guid":{"rendered":"https:\/\/blogs.elcomercio.es\/retorcida-realidad\/?p=7358"},"modified":"2023-05-29T06:30:19","modified_gmt":"2023-05-29T04:30:19","slug":"la-derecha-suma","status":"publish","type":"post","link":"https:\/\/blogs.elcomercio.es\/retorcida-realidad\/2023\/05\/29\/la-derecha-suma\/","title":{"rendered":"La derecha suma."},"content":{"rendered":"<p><a href=\"https:\/\/static-blogs.elcomercio.es\/wp-content\/uploads\/sites\/4\/2023\/05\/moriyon-foro-gijon-U190838301895xvD-366x256@El-Comercio.jpg\"><img loading=\"lazy\" class=\"size-medium wp-image-7359 alignleft\" src=\"https:\/\/static-blogs.elcomercio.es\/wp-content\/uploads\/sites\/4\/2023\/05\/moriyon-foro-gijon-U190838301895xvD-366x256@El-Comercio-300x210.jpg\" alt=\"\" width=\"300\" height=\"210\" srcset=\"https:\/\/static-blogs.elcomercio.es\/wp-content\/uploads\/sites\/4\/2023\/05\/moriyon-foro-gijon-U190838301895xvD-366x256@El-Comercio-300x210.jpg 300w, https:\/\/static-blogs.elcomercio.es\/wp-content\/uploads\/sites\/4\/2023\/05\/moriyon-foro-gijon-U190838301895xvD-366x256@El-Comercio.jpg 366w\" sizes=\"(max-width: 300px) 100vw, 300px\" \/><\/a>No hubo sorpresas con respecto a los sondeos previos al 28 de mayo. <strong>El PSOE gan\u00f3 las elecciones en Gij\u00f3n, pero quiz\u00e1 no gobierne.<\/strong> Le han fallado los posibles socios para formar esa mayor\u00eda de izquierdas. En concreto, Podemos ha perdido dos de sus tres ediles con lo que deja ese tripartito sin efecto. Vamos por partes. <strong>Los socialistas han perdido dos concejales. \u00bfCastigo? S\u00ed, claramente, aunque tampoco descalabro.<\/strong> M\u00e1xime si pensamos que m\u00e1s de la mitad de los gijoneses consideraban su gesti\u00f3n como mala en estos cuatro a\u00f1os, seg\u00fan nos dec\u00eda la demoscopia. <strong>Lo dijimos en esta misma columna: para muchos, el PSOE es el problema y a la vez la soluci\u00f3n.<\/strong> Su gran implantaci\u00f3n en el municipio le hace tener una enorme resiliencia. En cambio, a IU le ha sentado muy bien la gesti\u00f3n de la concejal\u00eda de Movilidad y Medio Ambiente. Ha conseguido dos ediles lo que significa doblar la representaci\u00f3n actual. Por su parte, Foro consigue una subida muy importante. Son cinco concejales m\u00e1s. <strong>El efecto de Carmen Moriy\u00f3n como candidata funcion\u00f3 y super\u00f3 incluso los porcentajes de voto de 2011.<\/strong> Eso s\u00ed, va a necesitar de un PP que aument\u00f3 en dos ediles y otros tantos de Vox que mantuvo lo que ten\u00eda. Los populares han salido del suelo en el que estuvieron durante dos legislaturas, pero me temo que esperaban m\u00e1s. Ciudadanos, como era previsible, se hundi\u00f3, perdiendo de sopet\u00f3n sus cuatro concejales. <strong>En definitiva, si Moriy\u00f3n quiere volver a ostentar el bast\u00f3n de mando tendr\u00e1 que negociar mucho.<\/strong> Seducir a dos formaciones para que le den, no solo su apoyo para la investidura, sino tambi\u00e9n una estabilidad durante la legislatura. Algo que no va a resultar sencillo y seguro que viviremos unas intensas jornadas poselectorales, incluso m\u00e1s emocionantes que estos comicios. De momento, la derecha suma.<\/p>\n<p><em><strong>@balbuenajm<\/strong><\/em><\/p>\n<!-- AddThis Advanced Settings generic via filter on the_content --><!-- AddThis Share Buttons generic via filter on the_content -->","protected":false},"excerpt":{"rendered":"<p>No hubo sorpresas con respecto a los sondeos previos al 28 de mayo. El PSOE gan\u00f3 las elecciones en Gij\u00f3n, pero quiz\u00e1 no gobierne. Le han fallado los posibles socios para formar esa mayor\u00eda de izquierdas. En concreto, Podemos ha perdido dos de sus tres ediles con lo que deja ese tripartito sin efecto. Vamos [&hellip;]<!-- AddThis Advanced Settings generic via filter on get_the_excerpt --><!-- AddThis Share Buttons generic via filter on get_the_excerpt --><\/p>\n","protected":false},"author":5,"featured_media":0,"comment_status":"open","ping_status":"open","sticky":false,"template":"","format":"standard","meta":[],"categories":[1],"tags":[1297,312,130,236,17,126,114,23,630,496],"_links":{"self":[{"href":"https:\/\/blogs.elcomercio.es\/retorcida-realidad\/wp-json\/wp\/v2\/posts\/7358"}],"collection":[{"href":"https:\/\/blogs.elcomercio.es\/retorcida-realidad\/wp-json\/wp\/v2\/posts"}],"about":[{"href":"https:\/\/blogs.elcomercio.es\/retorcida-realidad\/wp-json\/wp\/v2\/types\/post"}],"author":[{"embeddable":true,"href":"https:\/\/blogs.elcomercio.es\/retorcida-realidad\/wp-json\/wp\/v2\/users\/5"}],"replies":[{"embeddable":true,"href":"https:\/\/blogs.elcomercio.es\/retorcida-realidad\/wp-json\/wp\/v2\/comments?post=7358"}],"version-history":[{"count":1,"href":"https:\/\/blogs.elcomercio.es\/retorcida-realidad\/wp-json\/wp\/v2\/posts\/7358\/revisions"}],"predecessor-version":[{"id":7360,"href":"https:\/\/blogs.elcomercio.es\/retorcida-realidad\/wp-json\/wp\/v2\/posts\/7358\/revisions\/7360"}],"wp:attachment":[{"href":"https:\/\/blogs.elcomercio.es\/retorcida-realidad\/wp-json\/wp\/v2\/media?parent=7358"}],"wp:term":[{"taxonomy":"category","embeddable":true,"href":"https:\/\/blogs.elcomercio.es\/retorcida-realidad\/wp-json\/wp\/v2\/categories?post=7358"},{"taxonomy":"post_tag","embeddable":true,"href":"https:\/\/blogs.elcomercio.es\/retorcida-realidad\/wp-json\/wp\/v2\/tags?post=7358"}],"curies":[{"name":"wp","href":"https:\/\/api.w.org\/{rel}","templated":true}]}}