{"id":7362,"date":"2023-05-30T07:49:02","date_gmt":"2023-05-30T05:49:02","guid":{"rendered":"https:\/\/blogs.elcomercio.es\/retorcida-realidad\/?p=7362"},"modified":"2023-05-30T07:49:14","modified_gmt":"2023-05-30T05:49:14","slug":"resaca-electoral","status":"publish","type":"post","link":"https:\/\/blogs.elcomercio.es\/retorcida-realidad\/2023\/05\/30\/resaca-electoral\/","title":{"rendered":"Resaca electoral."},"content":{"rendered":"<p><a href=\"https:\/\/static-blogs.elcomercio.es\/wp-content\/uploads\/sites\/4\/2023\/05\/1467124427-kCvD-U2004330103954vD-758x531@El-Comercio.jpg\"><img loading=\"lazy\" class=\"size-medium wp-image-7363 alignleft\" src=\"https:\/\/static-blogs.elcomercio.es\/wp-content\/uploads\/sites\/4\/2023\/05\/1467124427-kCvD-U2004330103954vD-758x531@El-Comercio-300x211.jpg\" alt=\"\" width=\"300\" height=\"211\" srcset=\"https:\/\/static-blogs.elcomercio.es\/wp-content\/uploads\/sites\/4\/2023\/05\/1467124427-kCvD-U2004330103954vD-758x531@El-Comercio-300x211.jpg 300w, https:\/\/static-blogs.elcomercio.es\/wp-content\/uploads\/sites\/4\/2023\/05\/1467124427-kCvD-U2004330103954vD-758x531@El-Comercio.jpg 755w\" sizes=\"(max-width: 300px) 100vw, 300px\" \/><\/a>Intuyo que en la calle La Argandona (sede de los socialistas gijoneses) todo ser\u00e1n c\u00e1balas, intentando saber el porqu\u00e9 de una victoria con sabor a derrota. Sin duda, hacer ahora especulaciones sobre lo que hubiera podido pasar, no deja de ser un ejercicio de pol\u00edtica ficci\u00f3n. <strong>Lo cierto es que El PSOE local se meti\u00f3 en unas primarias inesperadas y ha acabado pag\u00e1ndolo. Un proceso as\u00ed, de abrirse en canal, siempre tiene consecuencias.<\/strong> Eso s\u00ed, nunca podremos conocer, repito, si con <em>Ana Gonz\u00e1lez<\/em> como n\u00famero uno, el resultado hubiese cambiado. Es m\u00e1s, visto el rechazo que produjo su gesti\u00f3n, es posible que estuvi\u00e9semos ante un descalabro. Sin embargo, como digo, eso permanecer\u00e1 siendo una inc\u00f3gnita. Lo mismo que si se hubiese elegido a otro candidato. Luis Manuel Fl\u00f3rez, \u00abFloro\u00bb, no parece que haya conseguido ser el revulsivo necesario. Al menos, el suficiente como para no perder la alcald\u00eda. <strong>Su bonhom\u00eda choc\u00f3 de frente con la intensidad de una contienda electoral.<\/strong> <strong>Quiz\u00e1 le falt\u00f3 meterse m\u00e1s a fondo en los temas candentes (no tanto mensaje generalista) y fajarse directamente con Foro (su principal rival, desde el primer momento).<\/strong> Entonces, sumando estas dos cosas, igual el socialismo gijon\u00e9s encuentra los motivos de una mala noche.<\/p>\n<p><a href=\"https:\/\/static-blogs.elcomercio.es\/wp-content\/uploads\/sites\/4\/2023\/05\/moriyon-foro-gijon-kMDG-U200424001143HgF-758x531@El-Comercio.jpg\"><img loading=\"lazy\" class=\"size-medium wp-image-7364 alignleft\" src=\"https:\/\/static-blogs.elcomercio.es\/wp-content\/uploads\/sites\/4\/2023\/05\/moriyon-foro-gijon-kMDG-U200424001143HgF-758x531@El-Comercio-300x210.jpg\" alt=\"\" width=\"300\" height=\"210\" srcset=\"https:\/\/static-blogs.elcomercio.es\/wp-content\/uploads\/sites\/4\/2023\/05\/moriyon-foro-gijon-kMDG-U200424001143HgF-758x531@El-Comercio-300x210.jpg 300w, https:\/\/static-blogs.elcomercio.es\/wp-content\/uploads\/sites\/4\/2023\/05\/moriyon-foro-gijon-kMDG-U200424001143HgF-758x531@El-Comercio.jpg 758w\" sizes=\"(max-width: 300px) 100vw, 300px\" \/><\/a>En cambio, en la sede de Foro Asturias las cosas se ven de otra manera. Seguro que ya tienen en mente las negociaciones con sus posibles socios. A la postre, PP y Vox. A<strong>mbos ya han estado vendiendo que son decisivos, lo que debemos interpretar como un nivel de exigencia.<\/strong> Las posibilidades de esta legislatura son varias: desde acuerdos puntuales, hasta una entrada en el equipo de gobierno. En 2011 los populares apoyaron a una desconocida <em>Carmen Moriy\u00f3n<\/em>, obteniendo como resultado la en\u00e9sima crisis popular. Recuerden la abrupta salida de <em>Pilar Fern\u00e1ndez Pardo<\/em>. Ahora, claro, el contexto es otro.<em> \u00c1ngela Pumariega<\/em> manifest\u00f3 en la noche electoral que facilitar\u00eda la gobernabilidad, consciente de que el resultado no da para m\u00e1s. Por su parte, el segundo socio, o sea, Vox, no sabemos por d\u00f3nde va a salir.<strong> Es una inc\u00f3gnita lo que pretenden hacer, m\u00e1s all\u00e1 de que tendr\u00e1 que apoyar a<em> Moriy\u00f3n<\/em> en la investidura.<\/strong> Lo contrario ser\u00eda inexplicable. Algo similar a lo que le ocurri\u00f3 al PSOE con Xix\u00f3n S\u00ed Puede en 2015, cuando Foro gobern\u00f3 al ser el partido m\u00e1s votado. <strong>En definitiva, la resaca electoral nos deja un panorama municipal de pactos complicados.<\/strong><\/p>\n<p><em><strong>@balbuenajm<\/strong><\/em><\/p>\n<!-- AddThis Advanced Settings generic via filter on the_content --><!-- AddThis Share Buttons generic via filter on the_content -->","protected":false},"excerpt":{"rendered":"<p>Intuyo que en la calle La Argandona (sede de los socialistas gijoneses) todo ser\u00e1n c\u00e1balas, intentando saber el porqu\u00e9 de una victoria con sabor a derrota. Sin duda, hacer ahora especulaciones sobre lo que hubiera podido pasar, no deja de ser un ejercicio de pol\u00edtica ficci\u00f3n. Lo cierto es que El PSOE local se meti\u00f3 [&hellip;]<!-- AddThis Advanced Settings generic via filter on get_the_excerpt --><!-- AddThis Share Buttons generic via filter on get_the_excerpt --><\/p>\n","protected":false},"author":5,"featured_media":0,"comment_status":"open","ping_status":"open","sticky":false,"template":"","format":"standard","meta":[],"categories":[1],"tags":[1297,312,1298,236,17,126,66,114,23,496],"_links":{"self":[{"href":"https:\/\/blogs.elcomercio.es\/retorcida-realidad\/wp-json\/wp\/v2\/posts\/7362"}],"collection":[{"href":"https:\/\/blogs.elcomercio.es\/retorcida-realidad\/wp-json\/wp\/v2\/posts"}],"about":[{"href":"https:\/\/blogs.elcomercio.es\/retorcida-realidad\/wp-json\/wp\/v2\/types\/post"}],"author":[{"embeddable":true,"href":"https:\/\/blogs.elcomercio.es\/retorcida-realidad\/wp-json\/wp\/v2\/users\/5"}],"replies":[{"embeddable":true,"href":"https:\/\/blogs.elcomercio.es\/retorcida-realidad\/wp-json\/wp\/v2\/comments?post=7362"}],"version-history":[{"count":1,"href":"https:\/\/blogs.elcomercio.es\/retorcida-realidad\/wp-json\/wp\/v2\/posts\/7362\/revisions"}],"predecessor-version":[{"id":7365,"href":"https:\/\/blogs.elcomercio.es\/retorcida-realidad\/wp-json\/wp\/v2\/posts\/7362\/revisions\/7365"}],"wp:attachment":[{"href":"https:\/\/blogs.elcomercio.es\/retorcida-realidad\/wp-json\/wp\/v2\/media?parent=7362"}],"wp:term":[{"taxonomy":"category","embeddable":true,"href":"https:\/\/blogs.elcomercio.es\/retorcida-realidad\/wp-json\/wp\/v2\/categories?post=7362"},{"taxonomy":"post_tag","embeddable":true,"href":"https:\/\/blogs.elcomercio.es\/retorcida-realidad\/wp-json\/wp\/v2\/tags?post=7362"}],"curies":[{"name":"wp","href":"https:\/\/api.w.org\/{rel}","templated":true}]}}