{"id":7374,"date":"2023-06-10T07:59:06","date_gmt":"2023-06-10T05:59:06","guid":{"rendered":"https:\/\/blogs.elcomercio.es\/retorcida-realidad\/?p=7374"},"modified":"2023-06-10T07:59:06","modified_gmt":"2023-06-10T05:59:06","slug":"arte-y-ensayo","status":"publish","type":"post","link":"https:\/\/blogs.elcomercio.es\/retorcida-realidad\/2023\/06\/10\/arte-y-ensayo\/","title":{"rendered":"Arte y ensayo."},"content":{"rendered":"<p><a href=\"https:\/\/static-blogs.elcomercio.es\/wp-content\/uploads\/sites\/4\/2023\/06\/foro-kdTC-268x188@El-Comercio.jpg\"><img loading=\"lazy\" class=\"size-full wp-image-7375 alignleft\" src=\"https:\/\/static-blogs.elcomercio.es\/wp-content\/uploads\/sites\/4\/2023\/06\/foro-kdTC-268x188@El-Comercio.jpg\" alt=\"\" width=\"268\" height=\"188\" \/><\/a>Se aproxima la fecha de la constituci\u00f3n de los ayuntamientos. Ya saben, ser\u00e1 el pr\u00f3ximo s\u00e1bado y en Gij\u00f3n, por lo visto, el camino parece bastante despejado. Las negociaciones entre PP y Foro de cara a formar el primer gobierno de coalici\u00f3n de la historia del centro-derecha, se producen con gran \u00absinton\u00eda\u00bb entre ambas partes. Al menos, as\u00ed lo han manifestado, tras su primera reuni\u00f3n formal. <strong>Quedan flecos, claro, pero en lo fundamental est\u00e1n de acuerdo.<\/strong> Eso s\u00ed, resta por resolver el asunto de Vox. O sea, meter en la ecuaci\u00f3n a esta formaci\u00f3n, puesto que sus votos son necesarios para garantizar la estabilidad de la legislatura. De momento, el partido de Santiago <em>Abascal,<\/em> tampoco es que haya dicho mucho. M\u00e1s que nada, lo que ha hecho es recordar su papel como llave en el futuro Consistorio. O dicho de otra forma: que tienen que contar con ellos y no se le puede ningunear.<strong> Por el otro lado, o sea, la izquierda, contin\u00faa lami\u00e9ndose las heridas.<\/strong> Desde el PSOE siguen reivindicando que son el partido m\u00e1s votado (cierto) y que a ellos les corresponder\u00eda formar el equipo de gobierno municipal (pr\u00e1cticamente, imposible). <strong>De hecho, su \u00fanica esperanza es que estas negociaciones entre populares y foristas fracasen.<\/strong> Entonces, s\u00ed podr\u00edan conseguir el bast\u00f3n de mando, ahora bien, sostenidos \u00fanicamente por doce ediles de su mismo espectro ideol\u00f3gico. Imag\u00ednense lo que ser\u00eda tener en contra otros quince de la oposici\u00f3n constantemente. <strong>Vamos, una aut\u00e9ntica pesadilla.<\/strong> Sin embargo, como digo, cualquier cosa puede valer con tal de que sirva como placebo. Todo indica, pues, que no habr\u00e1 otro ejecutivo municipal socialista. O sea, tendremos por segunda vez un cambio de gobierno, salvo que se produzca un cataclismo en las conversaciones entre Foro y PP. Lo dicho: algo impensable, en la actualidad. <strong>Por tanto, cualquier otro tipo c\u00e1lculo o elucubraci\u00f3n, sinceramente, no es m\u00e1s que hacer pol\u00edtica de arte y ensayo.<\/strong><\/p>\n<p><em><strong>@balbuenajm<\/strong><\/em><\/p>\n<!-- AddThis Advanced Settings generic via filter on the_content --><!-- AddThis Share Buttons generic via filter on the_content -->","protected":false},"excerpt":{"rendered":"<p>Se aproxima la fecha de la constituci\u00f3n de los ayuntamientos. Ya saben, ser\u00e1 el pr\u00f3ximo s\u00e1bado y en Gij\u00f3n, por lo visto, el camino parece bastante despejado. Las negociaciones entre PP y Foro de cara a formar el primer gobierno de coalici\u00f3n de la historia del centro-derecha, se producen con gran \u00absinton\u00eda\u00bb entre ambas partes. [&hellip;]<!-- AddThis Advanced Settings generic via filter on get_the_excerpt --><!-- AddThis Share Buttons generic via filter on get_the_excerpt --><\/p>\n","protected":false},"author":5,"featured_media":0,"comment_status":"open","ping_status":"open","sticky":false,"template":"","format":"standard","meta":[],"categories":[1],"tags":[312,1285,347,17,114,23,496],"_links":{"self":[{"href":"https:\/\/blogs.elcomercio.es\/retorcida-realidad\/wp-json\/wp\/v2\/posts\/7374"}],"collection":[{"href":"https:\/\/blogs.elcomercio.es\/retorcida-realidad\/wp-json\/wp\/v2\/posts"}],"about":[{"href":"https:\/\/blogs.elcomercio.es\/retorcida-realidad\/wp-json\/wp\/v2\/types\/post"}],"author":[{"embeddable":true,"href":"https:\/\/blogs.elcomercio.es\/retorcida-realidad\/wp-json\/wp\/v2\/users\/5"}],"replies":[{"embeddable":true,"href":"https:\/\/blogs.elcomercio.es\/retorcida-realidad\/wp-json\/wp\/v2\/comments?post=7374"}],"version-history":[{"count":1,"href":"https:\/\/blogs.elcomercio.es\/retorcida-realidad\/wp-json\/wp\/v2\/posts\/7374\/revisions"}],"predecessor-version":[{"id":7376,"href":"https:\/\/blogs.elcomercio.es\/retorcida-realidad\/wp-json\/wp\/v2\/posts\/7374\/revisions\/7376"}],"wp:attachment":[{"href":"https:\/\/blogs.elcomercio.es\/retorcida-realidad\/wp-json\/wp\/v2\/media?parent=7374"}],"wp:term":[{"taxonomy":"category","embeddable":true,"href":"https:\/\/blogs.elcomercio.es\/retorcida-realidad\/wp-json\/wp\/v2\/categories?post=7374"},{"taxonomy":"post_tag","embeddable":true,"href":"https:\/\/blogs.elcomercio.es\/retorcida-realidad\/wp-json\/wp\/v2\/tags?post=7374"}],"curies":[{"name":"wp","href":"https:\/\/api.w.org\/{rel}","templated":true}]}}