{"id":7382,"date":"2023-06-18T07:41:06","date_gmt":"2023-06-18T05:41:06","guid":{"rendered":"https:\/\/blogs.elcomercio.es\/retorcida-realidad\/?p=7382"},"modified":"2023-06-18T07:42:30","modified_gmt":"2023-06-18T05:42:30","slug":"el-cubo-de-carmen","status":"publish","type":"post","link":"https:\/\/blogs.elcomercio.es\/retorcida-realidad\/2023\/06\/18\/el-cubo-de-carmen\/","title":{"rendered":"El cubo de Carmen."},"content":{"rendered":"<p><a href=\"https:\/\/static-blogs.elcomercio.es\/wp-content\/uploads\/sites\/4\/2023\/06\/moriyon-foro-gijon.jpg\"><img loading=\"lazy\" class=\"size-medium wp-image-7383 alignleft\" src=\"https:\/\/static-blogs.elcomercio.es\/wp-content\/uploads\/sites\/4\/2023\/06\/moriyon-foro-gijon-300x200.jpg\" alt=\"\" width=\"300\" height=\"200\" srcset=\"https:\/\/static-blogs.elcomercio.es\/wp-content\/uploads\/sites\/4\/2023\/06\/moriyon-foro-gijon-300x200.jpg 300w, https:\/\/static-blogs.elcomercio.es\/wp-content\/uploads\/sites\/4\/2023\/06\/moriyon-foro-gijon-768x512.jpg 768w, https:\/\/static-blogs.elcomercio.es\/wp-content\/uploads\/sites\/4\/2023\/06\/moriyon-foro-gijon-1024x683.jpg 1024w, https:\/\/static-blogs.elcomercio.es\/wp-content\/uploads\/sites\/4\/2023\/06\/moriyon-foro-gijon.jpg 1374w\" sizes=\"(max-width: 300px) 100vw, 300px\" \/><\/a>Si algo qued\u00f3 claro en la sesi\u00f3n de investidura de ayer es que vamos a tener una legislatura de confrontaci\u00f3n entre bloques. Esto es, izquierda contra derecha. Teniendo los primeros en la diana el pacto suscrito entre Vox y Foro Asturias para alcanzar la Alcald\u00eda. Es m\u00e1s, especialmente duro en su intervenci\u00f3n fue el portavoz del PSOE,<em> Luis Manuel Fern\u00e1ndez Fl\u00f3rez, \u00abFloro<\/em>\u00bb. En concreto, lo llam\u00f3 el <em>\u00abpacto de la verg\u00fcenza\u00bb<\/em> y ech\u00f3 en cara varias veces a <em>Carmen Moriy\u00f3n<\/em> haber faltado a su palabra (aquello de que no pactar\u00eda con la ultraderecha). <strong>Quiz\u00e1 exhibiendo toda la dureza, repito, que le falt\u00f3 durante la pasada campa\u00f1a electoral.<\/strong> En cualquier caso, parece que el partido de Santiago Abascal est\u00e1 (y va a estar) en la picota de forma constante. De hecho, no olvidemos que para los gijoneses este va a ser el gobierno de Moriy\u00f3n, aunque lo acaben formando de facto tres formaciones con diferentes personalidades. Por tanto, entiendo los recelos foristas al tener que meter a los de Abascal en el ejecutivo local, para no vivir el mismo desgaste del PSOE con las pol\u00edticas de movilidad de IU. <strong>Sin embargo, al final, tuvieron que tragar (literalmente) con un acuerdo forjado a \u00faltima hora de una tarde del viernes muy intensa.<\/strong> Vox tendr\u00e1 la concejal\u00eda de Festejos, un puesto en la Junta de Gobierno Local y el control de Divertia.<strong> Adem\u00e1s, tambi\u00e9n se alcanza un acuerdo program\u00e1tico de nueve puntos con algunas <em>\u201cdelicatessen\u201d<\/em> marca de la casa.<\/strong> Por ejemplo, en materia de pol\u00edtica ling\u00fc\u00edstica haciendo especial inquina contra el asturiano. Algo que ya ha levantado ampollas y dimisiones dentro del partido. En resumen, esta negociaci\u00f3n se hab\u00eda convertido en cuadrar una especie de cubo de Rubik al que le faltaba por completar la cara verde. El cubo de Carmen, por fin, se ha terminado y ya es alcaldesa por tercera vez. <strong>Eso s\u00ed, con m\u00e1s dificultades, cesiones y desgate interno de lo previsto.<\/strong><\/p>\n<p><em><strong>@balbuenajm<\/strong><\/em><\/p>\n<!-- AddThis Advanced Settings generic via filter on the_content --><!-- AddThis Share Buttons generic via filter on the_content -->","protected":false},"excerpt":{"rendered":"<p>Si algo qued\u00f3 claro en la sesi\u00f3n de investidura de ayer es que vamos a tener una legislatura de confrontaci\u00f3n entre bloques. Esto es, izquierda contra derecha. Teniendo los primeros en la diana el pacto suscrito entre Vox y Foro Asturias para alcanzar la Alcald\u00eda. Es m\u00e1s, especialmente duro en su intervenci\u00f3n fue el portavoz [&hellip;]<!-- AddThis Advanced Settings generic via filter on get_the_excerpt --><!-- AddThis Share Buttons generic via filter on get_the_excerpt --><\/p>\n","protected":false},"author":5,"featured_media":0,"comment_status":"open","ping_status":"open","sticky":false,"template":"","format":"standard","meta":[],"categories":[1],"tags":[312,125,236,17,126,66,114,23,496],"_links":{"self":[{"href":"https:\/\/blogs.elcomercio.es\/retorcida-realidad\/wp-json\/wp\/v2\/posts\/7382"}],"collection":[{"href":"https:\/\/blogs.elcomercio.es\/retorcida-realidad\/wp-json\/wp\/v2\/posts"}],"about":[{"href":"https:\/\/blogs.elcomercio.es\/retorcida-realidad\/wp-json\/wp\/v2\/types\/post"}],"author":[{"embeddable":true,"href":"https:\/\/blogs.elcomercio.es\/retorcida-realidad\/wp-json\/wp\/v2\/users\/5"}],"replies":[{"embeddable":true,"href":"https:\/\/blogs.elcomercio.es\/retorcida-realidad\/wp-json\/wp\/v2\/comments?post=7382"}],"version-history":[{"count":2,"href":"https:\/\/blogs.elcomercio.es\/retorcida-realidad\/wp-json\/wp\/v2\/posts\/7382\/revisions"}],"predecessor-version":[{"id":7385,"href":"https:\/\/blogs.elcomercio.es\/retorcida-realidad\/wp-json\/wp\/v2\/posts\/7382\/revisions\/7385"}],"wp:attachment":[{"href":"https:\/\/blogs.elcomercio.es\/retorcida-realidad\/wp-json\/wp\/v2\/media?parent=7382"}],"wp:term":[{"taxonomy":"category","embeddable":true,"href":"https:\/\/blogs.elcomercio.es\/retorcida-realidad\/wp-json\/wp\/v2\/categories?post=7382"},{"taxonomy":"post_tag","embeddable":true,"href":"https:\/\/blogs.elcomercio.es\/retorcida-realidad\/wp-json\/wp\/v2\/tags?post=7382"}],"curies":[{"name":"wp","href":"https:\/\/api.w.org\/{rel}","templated":true}]}}