{"id":7386,"date":"2023-06-20T07:34:18","date_gmt":"2023-06-20T05:34:18","guid":{"rendered":"https:\/\/blogs.elcomercio.es\/retorcida-realidad\/?p=7386"},"modified":"2023-06-20T07:34:44","modified_gmt":"2023-06-20T05:34:44","slug":"mucho-ruido-3","status":"publish","type":"post","link":"https:\/\/blogs.elcomercio.es\/retorcida-realidad\/2023\/06\/20\/mucho-ruido-3\/","title":{"rendered":"Mucho ruido."},"content":{"rendered":"<p><a href=\"https:\/\/static-blogs.elcomercio.es\/wp-content\/uploads\/sites\/4\/2023\/06\/84722183-758x531.jpg\"><img loading=\"lazy\" class=\"size-medium wp-image-7387 alignleft\" src=\"https:\/\/static-blogs.elcomercio.es\/wp-content\/uploads\/sites\/4\/2023\/06\/84722183-758x531-300x210.jpg\" alt=\"\" width=\"300\" height=\"210\" srcset=\"https:\/\/static-blogs.elcomercio.es\/wp-content\/uploads\/sites\/4\/2023\/06\/84722183-758x531-300x210.jpg 300w, https:\/\/static-blogs.elcomercio.es\/wp-content\/uploads\/sites\/4\/2023\/06\/84722183-758x531.jpg 758w\" sizes=\"(max-width: 300px) 100vw, 300px\" \/><\/a>Tal parece que nadie sali\u00f3 contento de la sesi\u00f3n de investidura del pasado s\u00e1bado. Bueno s\u00ed, el PP. En concreto, los populares celebraron por todo lo alto su pacto con Foro y que, tras 44 a\u00f1os en la oposici\u00f3n, hayan podido acceder al gobierno de la ciudad. Casi nada. <strong>En cambio, los dem\u00e1s ten\u00edan caras largas y reproches que ofrecer.<\/strong> IU hacia el PSOE por no haber apoyado su propuesta para impedir la entrada Vox en el ejecutivo local. <strong>Incluso hasta se abstuvieron a la hora de votar la Alcald\u00eda, lo cual sent\u00f3 como un tiro en la direcci\u00f3n socialista.<\/strong> Podemos porque su \u00fanica edil es como un n\u00e1ufrago en mitad del oc\u00e9ano: no tiene ninguna capacidad de influencia en el Ayuntamiento. El PSOE, claro, porque pierde de nuevo su ciudad emblema. <strong>La operaci\u00f3n recambio de <em>Ana Gonz\u00e1lez<\/em> no sali\u00f3, ni mucho menos, como se esperaba.<\/strong> Foro, sin duda, porque sab\u00eda que su pacto de \u00faltima hora con Vox iba a levantar ampollas a nivel interno y externo. Es m\u00e1s, hasta la redacci\u00f3n del acuerdo conten\u00eda un error -\u00ab<em>Que se eliminen aquellos aspectos que supongan igualdad entre personas\u00bb<\/em>, dec\u00eda- que aumentaba la desaz\u00f3n entre sus filas y de cara al exterior. El propio Vox que logr\u00f3 buena parte de sus objetivos, no parec\u00eda tampoco estar demasiado contento. Su portavoz, Sara \u00c1lvarez Rouco, hizo un discurso sin ning\u00fan tipo de euforia. <strong>En resumen, vivimos un Pleno de Constituci\u00f3n de la Corporaci\u00f3n de sensaciones agridulces.<\/strong><\/p>\n<p><strong>Tal parece, insisto, que el s\u00e1bado hubo un hermanamiento pol\u00edtico entre Gij\u00f3n y Sonneberg.<\/strong> Una peque\u00f1a ciudad alemana (23.000 habitantes) donde la ultraderecha arras\u00f3 en las elecciones de distrito. Alternativa para Alemania -as\u00ed se llama el partido de los extremistas- logr\u00f3 el 47% de los votos y tiene conmocionado a el pa\u00eds. Situaci\u00f3n que era como si se hubiera repetido en Gij\u00f3n, viendo las reacciones y comentarios en las redes sociales que suscitaron el pacto entre Foro y Vox.<strong> Vamos, como si al d\u00eda siguiente de este nuevo gobierno, ni siquiera fuese a amanecer.<\/strong> Cuando la realidad es que el poder del partido del partido de <em>Santiago Abascal<\/em> se limita a una concejal\u00eda: la de Festejos. <strong>Teniendo enfrente a 13 concejales de la coalici\u00f3n que esperemos sepan frenar cualquier tipo de radicalizaci\u00f3n.<\/strong> En definitiva, por lo visto, nadie ha esperado ni esos tres meses de cortes\u00eda para ver c\u00f3mo funciona este tripartito. M\u00e1s bien, el ambiente electoral de las pr\u00f3ximas generales se ha impuesto en forma de ruido. Mucho ruido.<\/p>\n<p><em><strong>@balbuenajm<\/strong><\/em><\/p>\n<!-- AddThis Advanced Settings generic via filter on the_content --><!-- AddThis Share Buttons generic via filter on the_content -->","protected":false},"excerpt":{"rendered":"<p>Tal parece que nadie sali\u00f3 contento de la sesi\u00f3n de investidura del pasado s\u00e1bado. Bueno s\u00ed, el PP. En concreto, los populares celebraron por todo lo alto su pacto con Foro y que, tras 44 a\u00f1os en la oposici\u00f3n, hayan podido acceder al gobierno de la ciudad. Casi nada. En cambio, los dem\u00e1s ten\u00edan caras [&hellip;]<!-- AddThis Advanced Settings generic via filter on get_the_excerpt --><!-- AddThis Share Buttons generic via filter on get_the_excerpt --><\/p>\n","protected":false},"author":5,"featured_media":0,"comment_status":"open","ping_status":"open","sticky":false,"template":"","format":"standard","meta":[],"categories":[1],"tags":[312,125,347,17,126,66,114,23,496],"_links":{"self":[{"href":"https:\/\/blogs.elcomercio.es\/retorcida-realidad\/wp-json\/wp\/v2\/posts\/7386"}],"collection":[{"href":"https:\/\/blogs.elcomercio.es\/retorcida-realidad\/wp-json\/wp\/v2\/posts"}],"about":[{"href":"https:\/\/blogs.elcomercio.es\/retorcida-realidad\/wp-json\/wp\/v2\/types\/post"}],"author":[{"embeddable":true,"href":"https:\/\/blogs.elcomercio.es\/retorcida-realidad\/wp-json\/wp\/v2\/users\/5"}],"replies":[{"embeddable":true,"href":"https:\/\/blogs.elcomercio.es\/retorcida-realidad\/wp-json\/wp\/v2\/comments?post=7386"}],"version-history":[{"count":1,"href":"https:\/\/blogs.elcomercio.es\/retorcida-realidad\/wp-json\/wp\/v2\/posts\/7386\/revisions"}],"predecessor-version":[{"id":7388,"href":"https:\/\/blogs.elcomercio.es\/retorcida-realidad\/wp-json\/wp\/v2\/posts\/7386\/revisions\/7388"}],"wp:attachment":[{"href":"https:\/\/blogs.elcomercio.es\/retorcida-realidad\/wp-json\/wp\/v2\/media?parent=7386"}],"wp:term":[{"taxonomy":"category","embeddable":true,"href":"https:\/\/blogs.elcomercio.es\/retorcida-realidad\/wp-json\/wp\/v2\/categories?post=7386"},{"taxonomy":"post_tag","embeddable":true,"href":"https:\/\/blogs.elcomercio.es\/retorcida-realidad\/wp-json\/wp\/v2\/tags?post=7386"}],"curies":[{"name":"wp","href":"https:\/\/api.w.org\/{rel}","templated":true}]}}