{"id":7389,"date":"2023-06-24T08:00:14","date_gmt":"2023-06-24T06:00:14","guid":{"rendered":"https:\/\/blogs.elcomercio.es\/retorcida-realidad\/?p=7389"},"modified":"2023-06-24T09:05:53","modified_gmt":"2023-06-24T07:05:53","slug":"debate-sobre-debate","status":"publish","type":"post","link":"https:\/\/blogs.elcomercio.es\/retorcida-realidad\/2023\/06\/24\/debate-sobre-debate\/","title":{"rendered":"Debate sobre debate."},"content":{"rendered":"<p><a href=\"https:\/\/static-blogs.elcomercio.es\/wp-content\/uploads\/sites\/4\/2023\/06\/Congresos-en-Leon.-Plaza-de-toros-de-Leon-1024x685.jpg\"><img loading=\"lazy\" class=\"size-medium wp-image-7390 alignleft\" src=\"https:\/\/static-blogs.elcomercio.es\/wp-content\/uploads\/sites\/4\/2023\/06\/Congresos-en-Leon.-Plaza-de-toros-de-Leon-1024x685-300x201.jpg\" alt=\"\" width=\"300\" height=\"201\" srcset=\"https:\/\/static-blogs.elcomercio.es\/wp-content\/uploads\/sites\/4\/2023\/06\/Congresos-en-Leon.-Plaza-de-toros-de-Leon-1024x685-300x201.jpg 300w, https:\/\/static-blogs.elcomercio.es\/wp-content\/uploads\/sites\/4\/2023\/06\/Congresos-en-Leon.-Plaza-de-toros-de-Leon-1024x685-768x514.jpg 768w, https:\/\/static-blogs.elcomercio.es\/wp-content\/uploads\/sites\/4\/2023\/06\/Congresos-en-Leon.-Plaza-de-toros-de-Leon-1024x685.jpg 1024w\" sizes=\"(max-width: 300px) 100vw, 300px\" \/><\/a>Resulta evidente que en la supresi\u00f3n de las corridas de toros en Gij\u00f3n se cometieron errores. No solo en el fondo, sino tambi\u00e9n por la forma. En agosto de 2021 se decidi\u00f3 terminar esta tradici\u00f3n centenaria en la ciudad con un lapidario <em>\u00abSe acab\u00f3 la Feria de Bego\u00f1a\u00bb<\/em>. <strong>Ya saben, nuestra ex alcaldesa, <em>Ana Gonz\u00e1lez<\/em>, era as\u00ed.<\/strong> Todo ello, porque el nombre de dos toros (<em>\u00abFeminista\u00bb y \u00abNigeriano\u00bb<\/em>) lo consider\u00f3 ofensivo. Se pod\u00eda haber esperado a tomar esa decisi\u00f3n con la renovaci\u00f3n de la concesi\u00f3n de El Bibio en el 2022, sin embargo, se hizo a las bravas y sin tener un plan de usos para la plaza. Buena prueba, es que se habl\u00f3 de \u00e1gora cultural, ocio juvenil, eventos musicales, deportivos, referente del norte, etc\u00e9tera; pero nada se materializ\u00f3.<strong> Solo vimos crecer la hierba en su interior (literal), justificando el cierre de casi dos a\u00f1os con informes de seguridad chuscos (y encima contradictorios).<\/strong> Eso s\u00ed, el anterior equipo de gobierno ten\u00eda claro que las corridas no volver\u00edan a Gij\u00f3n. En 1993 la plaza de toros de Le\u00f3n llevaba seis a\u00f1os cerrada y en estado de ruina. Su rehabilitaci\u00f3n, incluyendo una c\u00fapula m\u00f3vil de cristal, la hizo capaz de albergar conciertos, eventos culturales, partidos de balonmano, baloncesto y tambi\u00e9n toros. En concreto, dos ferias a lo largo del a\u00f1o. Entonces, tenemos un debate doble.<strong> Por un lado, si Gij\u00f3n debe ser taurino (algo que deber\u00eda determinar la afici\u00f3n con su asistencia al coso, no la ideolog\u00eda) y por otro, qu\u00e9 hacer con El Bibio (donde el Ayuntamiento debe dar el do de pecho)<\/strong>. El modelo de Le\u00f3n podr\u00eda ser perfectamente v\u00e1lido y la concejal\u00eda de Festejos tiene mucho que decir. La edil,<em> Sara \u00c1lvarez Rouco<\/em> de Vox, tiene ahora esa responsabilidad. Adem\u00e1s, es diputada en la Junta General, miembro de la Junta de gobierno local y hasta quiz\u00e1 presidenta en su comunidad de vecinos. Desde luego, por cargos no va a ser\u2026<\/p>\n<p>@balbuenajm<\/p>\n<!-- AddThis Advanced Settings generic via filter on the_content --><!-- AddThis Share Buttons generic via filter on the_content -->","protected":false},"excerpt":{"rendered":"<p>Resulta evidente que en la supresi\u00f3n de las corridas de toros en Gij\u00f3n se cometieron errores. No solo en el fondo, sino tambi\u00e9n por la forma. En agosto de 2021 se decidi\u00f3 terminar esta tradici\u00f3n centenaria en la ciudad con un lapidario \u00abSe acab\u00f3 la Feria de Bego\u00f1a\u00bb. Ya saben, nuestra ex alcaldesa, Ana Gonz\u00e1lez, [&hellip;]<!-- AddThis Advanced Settings generic via filter on get_the_excerpt --><!-- AddThis Share Buttons generic via filter on get_the_excerpt --><\/p>\n","protected":false},"author":5,"featured_media":0,"comment_status":"open","ping_status":"open","sticky":false,"template":"","format":"standard","meta":[],"categories":[1],"tags":[312,1127,1126,1095,17,262],"_links":{"self":[{"href":"https:\/\/blogs.elcomercio.es\/retorcida-realidad\/wp-json\/wp\/v2\/posts\/7389"}],"collection":[{"href":"https:\/\/blogs.elcomercio.es\/retorcida-realidad\/wp-json\/wp\/v2\/posts"}],"about":[{"href":"https:\/\/blogs.elcomercio.es\/retorcida-realidad\/wp-json\/wp\/v2\/types\/post"}],"author":[{"embeddable":true,"href":"https:\/\/blogs.elcomercio.es\/retorcida-realidad\/wp-json\/wp\/v2\/users\/5"}],"replies":[{"embeddable":true,"href":"https:\/\/blogs.elcomercio.es\/retorcida-realidad\/wp-json\/wp\/v2\/comments?post=7389"}],"version-history":[{"count":1,"href":"https:\/\/blogs.elcomercio.es\/retorcida-realidad\/wp-json\/wp\/v2\/posts\/7389\/revisions"}],"predecessor-version":[{"id":7391,"href":"https:\/\/blogs.elcomercio.es\/retorcida-realidad\/wp-json\/wp\/v2\/posts\/7389\/revisions\/7391"}],"wp:attachment":[{"href":"https:\/\/blogs.elcomercio.es\/retorcida-realidad\/wp-json\/wp\/v2\/media?parent=7389"}],"wp:term":[{"taxonomy":"category","embeddable":true,"href":"https:\/\/blogs.elcomercio.es\/retorcida-realidad\/wp-json\/wp\/v2\/categories?post=7389"},{"taxonomy":"post_tag","embeddable":true,"href":"https:\/\/blogs.elcomercio.es\/retorcida-realidad\/wp-json\/wp\/v2\/tags?post=7389"}],"curies":[{"name":"wp","href":"https:\/\/api.w.org\/{rel}","templated":true}]}}