{"id":7393,"date":"2023-06-27T06:58:52","date_gmt":"2023-06-27T04:58:52","guid":{"rendered":"https:\/\/blogs.elcomercio.es\/retorcida-realidad\/?p=7393"},"modified":"2023-06-27T07:44:31","modified_gmt":"2023-06-27T05:44:31","slug":"vuelta-a-la-cordura","status":"publish","type":"post","link":"https:\/\/blogs.elcomercio.es\/retorcida-realidad\/2023\/06\/27\/vuelta-a-la-cordura\/","title":{"rendered":"Vuelta a la cordura."},"content":{"rendered":"<p><a href=\"https:\/\/static-blogs.elcomercio.es\/wp-content\/uploads\/sites\/4\/2023\/06\/84991975-758x531.jpg\"><img loading=\"lazy\" class=\"size-medium wp-image-7394 alignleft\" src=\"https:\/\/static-blogs.elcomercio.es\/wp-content\/uploads\/sites\/4\/2023\/06\/84991975-758x531-300x210.jpg\" alt=\"\" width=\"300\" height=\"210\" srcset=\"https:\/\/static-blogs.elcomercio.es\/wp-content\/uploads\/sites\/4\/2023\/06\/84991975-758x531-300x210.jpg 300w, https:\/\/static-blogs.elcomercio.es\/wp-content\/uploads\/sites\/4\/2023\/06\/84991975-758x531.jpg 758w\" sizes=\"(max-width: 300px) 100vw, 300px\" \/><\/a>Sin duda, El Muro constituy\u00f3 un punto de inflexi\u00f3n en el anterior mandato. En realidad, fue cuando le empezaron a ir realmente mal las cosas al equipo de gobierno municipal. Pasaba el tiempo y aquella configuraci\u00f3n provisional que se dijo era para luchar contra la Covid, ten\u00eda la intenci\u00f3n de perpetuarse en el tiempo de forma definitiva. <strong>Descubrimos, pues, que el famoso \u00abcascayu\u00bb no era m\u00e1s que un profundo cambio en tan ic\u00f3nico espacio, que se intentaba hacer por la puerta de atr\u00e1s.<\/strong> Desmontado, claro, con la sentencia judicial que dio la raz\u00f3n a la asociaci\u00f3n Stop Muro y oblig\u00f3 a restituir el doble sentido circulatorio en Rufo Garc\u00eda Rendueles.<strong> De hecho, su cumplimiento a mala gana gener\u00f3 incluso m\u00e1s desatinos.<\/strong> Entre ellos, un carril bici que se ubica en el centro y hace varios cruces peligrosos con los coches. Transformada la v\u00eda en un aut\u00e9ntico \u00abScalextric\u00bb -por cierto, nombre que sali\u00f3 de esta columna- su actual estado no es el mejor hasta que se encuentre una soluci\u00f3n global. Es decir, un proyecto de remodelaci\u00f3n de verdad y que nos sirva para muchos a\u00f1os. <strong>Recuerden que con estos cambios continuos hemos gastado casi medio mill\u00f3n de euros y nadie queda conforme.<\/strong><\/p>\n<p><a href=\"https:\/\/static-blogs.elcomercio.es\/wp-content\/uploads\/sites\/4\/2023\/06\/image.jpg\"><img loading=\"lazy\" class=\"size-medium wp-image-7395 alignleft\" src=\"https:\/\/static-blogs.elcomercio.es\/wp-content\/uploads\/sites\/4\/2023\/06\/image-300x169.jpg\" alt=\"\" width=\"300\" height=\"169\" srcset=\"https:\/\/static-blogs.elcomercio.es\/wp-content\/uploads\/sites\/4\/2023\/06\/image-300x169.jpg 300w, https:\/\/static-blogs.elcomercio.es\/wp-content\/uploads\/sites\/4\/2023\/06\/image-768x432.jpg 768w, https:\/\/static-blogs.elcomercio.es\/wp-content\/uploads\/sites\/4\/2023\/06\/image-1024x576.jpg 1024w, https:\/\/static-blogs.elcomercio.es\/wp-content\/uploads\/sites\/4\/2023\/06\/image.jpg 1920w\" sizes=\"(max-width: 300px) 100vw, 300px\" \/><\/a>Ahora los nuevos gobernantes se est\u00e1n dando prisa en desmontar el engendro. Desde ayer mismo ya se encuentra en obras y se prev\u00e9 que acaben en tres semanas. <strong>Se est\u00e1 diciendo que es una vuelta al pasado, aunque yo dir\u00eda que es a la cordura.<\/strong> Entre otras cosas, porque ver El Muro, ahora mismo, con unos colorines degradados que no han aguantado ni tres a\u00f1os, da grima. Tambi\u00e9n puesto que la nueva configuraci\u00f3n no constituye ninguna autopista para el coche. Mantra que gener\u00f3 la anterior concejal\u00eda de Movilidad que calificaba as\u00ed a cualquier v\u00eda gijonesa con m\u00e1s de un carril. <strong>Autopistas eran para ellos Pablo Iglesias, Manuel Llaneza, Constituci\u00f3n, etc\u00e9tera. O sea, las avenidas de toda la vida y que cualquier ciudad tiene.<\/strong> El nuevo Rufo Grac\u00eda Rendueles tendr\u00e1 tres carriles y va a recuperar los giros con las calles adyacentes. S\u00ed, las mismas que estaban colapsadas cuando el \u00abcascayu\u00bb se encontraba a pleno rendimiento. Sin duda, como digo, lo que esperamos de este equipo de gobierno es un proyecto que genere consenso y sirva para terminar con este parcheo. <strong>Dicho de otra forma: que dentro de cuatro a\u00f1os no sigamos d\u00e1ndole vueltas y entre discusiones eternas de las que tanto nos gustan en Gij\u00f3n.<\/strong><\/p>\n<p><em><strong>@balbuenajm<\/strong><\/em><\/p>\n<!-- AddThis Advanced Settings generic via filter on the_content --><!-- AddThis Share Buttons generic via filter on the_content -->","protected":false},"excerpt":{"rendered":"<p>Sin duda, El Muro constituy\u00f3 un punto de inflexi\u00f3n en el anterior mandato. En realidad, fue cuando le empezaron a ir realmente mal las cosas al equipo de gobierno municipal. Pasaba el tiempo y aquella configuraci\u00f3n provisional que se dijo era para luchar contra la Covid, ten\u00eda la intenci\u00f3n de perpetuarse en el tiempo de [&hellip;]<!-- AddThis Advanced Settings generic via filter on get_the_excerpt --><!-- AddThis Share Buttons generic via filter on get_the_excerpt --><\/p>\n","protected":false},"author":5,"featured_media":0,"comment_status":"open","ping_status":"open","sticky":false,"template":"","format":"standard","meta":[],"categories":[1],"tags":[1239,312,936,459,17,451],"_links":{"self":[{"href":"https:\/\/blogs.elcomercio.es\/retorcida-realidad\/wp-json\/wp\/v2\/posts\/7393"}],"collection":[{"href":"https:\/\/blogs.elcomercio.es\/retorcida-realidad\/wp-json\/wp\/v2\/posts"}],"about":[{"href":"https:\/\/blogs.elcomercio.es\/retorcida-realidad\/wp-json\/wp\/v2\/types\/post"}],"author":[{"embeddable":true,"href":"https:\/\/blogs.elcomercio.es\/retorcida-realidad\/wp-json\/wp\/v2\/users\/5"}],"replies":[{"embeddable":true,"href":"https:\/\/blogs.elcomercio.es\/retorcida-realidad\/wp-json\/wp\/v2\/comments?post=7393"}],"version-history":[{"count":3,"href":"https:\/\/blogs.elcomercio.es\/retorcida-realidad\/wp-json\/wp\/v2\/posts\/7393\/revisions"}],"predecessor-version":[{"id":7398,"href":"https:\/\/blogs.elcomercio.es\/retorcida-realidad\/wp-json\/wp\/v2\/posts\/7393\/revisions\/7398"}],"wp:attachment":[{"href":"https:\/\/blogs.elcomercio.es\/retorcida-realidad\/wp-json\/wp\/v2\/media?parent=7393"}],"wp:term":[{"taxonomy":"category","embeddable":true,"href":"https:\/\/blogs.elcomercio.es\/retorcida-realidad\/wp-json\/wp\/v2\/categories?post=7393"},{"taxonomy":"post_tag","embeddable":true,"href":"https:\/\/blogs.elcomercio.es\/retorcida-realidad\/wp-json\/wp\/v2\/tags?post=7393"}],"curies":[{"name":"wp","href":"https:\/\/api.w.org\/{rel}","templated":true}]}}