{"id":7399,"date":"2023-07-01T08:31:07","date_gmt":"2023-07-01T06:31:07","guid":{"rendered":"https:\/\/blogs.elcomercio.es\/retorcida-realidad\/?p=7399"},"modified":"2023-07-01T08:31:34","modified_gmt":"2023-07-01T06:31:34","slug":"esencias","status":"publish","type":"post","link":"https:\/\/blogs.elcomercio.es\/retorcida-realidad\/2023\/07\/01\/esencias\/","title":{"rendered":"Esencias."},"content":{"rendered":"<p><a href=\"https:\/\/static-blogs.elcomercio.es\/wp-content\/uploads\/sites\/4\/2023\/07\/rouco-oliver-gijon-vox-festejos-divertia-k6aH-RPa9i4xpH0ITJf7OaoylGCK-758x531@El-Comercio.jpg\"><img loading=\"lazy\" class=\"size-medium wp-image-7400 alignleft\" src=\"https:\/\/static-blogs.elcomercio.es\/wp-content\/uploads\/sites\/4\/2023\/07\/rouco-oliver-gijon-vox-festejos-divertia-k6aH-RPa9i4xpH0ITJf7OaoylGCK-758x531@El-Comercio-300x210.jpg\" alt=\"\" width=\"300\" height=\"210\" srcset=\"https:\/\/static-blogs.elcomercio.es\/wp-content\/uploads\/sites\/4\/2023\/07\/rouco-oliver-gijon-vox-festejos-divertia-k6aH-RPa9i4xpH0ITJf7OaoylGCK-758x531@El-Comercio-300x210.jpg 300w, https:\/\/static-blogs.elcomercio.es\/wp-content\/uploads\/sites\/4\/2023\/07\/rouco-oliver-gijon-vox-festejos-divertia-k6aH-RPa9i4xpH0ITJf7OaoylGCK-758x531@El-Comercio.jpg 758w\" sizes=\"(max-width: 300px) 100vw, 300px\" \/><\/a>Aunque es muy pronto para sacar conclusiones, tal parece que vamos a vivir un \u00abD\u00e9j\u00e0 vu\u00bb. Esto es, me refiero al papel que va a jugar la concejal\u00eda de Festejos -en manos de Vox- durante la presente legislatura. Algo similar, me temo, a lo que le sucedi\u00f3 al anterior equipo de gobierno socialista con la de Movilidad. <strong>O sea, una fuente de pol\u00e9micas continua con los gijoneses.<\/strong> La cosa ya empez\u00f3 mal por el pacto firmado con Foro. En el mismo, se hac\u00eda especial inquina hacia el asturiano. Sigui\u00f3 con las declaraciones radiof\u00f3nicas de la concejala del ramo, <em>Sara \u00c1lvarez Rouco<\/em>, tambi\u00e9n conocida por <em>\u00abmulticargos Rouco\u00bb<\/em>, donde dec\u00eda que <em>\u00absi se puede, no contratar\u00e1 a artistas que se expresen en asturiano\u00bb<\/em>. <strong>Oigan, y se qued\u00f3 tan pancha planteando un <em>\u00abapartheid\u00bb<\/em> cultural en toda regla.<\/strong> Pues bien, las reacciones no se han hecho esperar. Por un lado, m\u00e1s gente que nunca utiliza ahora el top\u00f3nimo Xix\u00f3n, ya que para Festejos solo va a existir Gij\u00f3n. Y por otro, los apoyos a la Llingua de forma espont\u00e1nea est\u00e1n surgiendo por doquier. El pasado jueves, sin ir m\u00e1s lejos, se escuch\u00f3 en el acto de entrega de honores y distinciones de la ciudad. <strong>Como ven, el cazador ha sido cazado. El odio hacia la cultura asturiana se ha vuelto un bumer\u00e1n.<\/strong> Mucho me temo, repito, que Vox gobierne para su parroquia y se olvide de todos los dem\u00e1s. <strong>Es decir, de esa inmensa mayor\u00eda que, independientemente que apoyen o no al bable, al menos lo respetan.<\/strong> En fin, tengo curiosidad por ver la programaci\u00f3n que ofrecer\u00e1 Divertia. A la postre, si cumple con esa visi\u00f3n donde no existen m\u00e1s lenguas, ni artistas que quienes utilicen el castellano (ni euskera, catal\u00e1n, gallego, mallorqu\u00edn, valenciano, etc\u00e9tera). Por supuesto, sobre el asturiano ya ni hablamos puesto que eso les produce sarpullidos. <strong>Entonces, pregunto, \u00bfqu\u00e9 es lo que nos espera? \u00bfRememorar las esencias de la canci\u00f3n espa\u00f1ola? Por favor\u2026<\/strong><\/p>\n<p><em><strong>@balbuenajm<\/strong><\/em><\/p>\n<!-- AddThis Advanced Settings generic via filter on the_content --><!-- AddThis Share Buttons generic via filter on the_content -->","protected":false},"excerpt":{"rendered":"<p>Aunque es muy pronto para sacar conclusiones, tal parece que vamos a vivir un \u00abD\u00e9j\u00e0 vu\u00bb. Esto es, me refiero al papel que va a jugar la concejal\u00eda de Festejos -en manos de Vox- durante la presente legislatura. Algo similar, me temo, a lo que le sucedi\u00f3 al anterior equipo de gobierno socialista con la [&hellip;]<!-- AddThis Advanced Settings generic via filter on get_the_excerpt --><!-- AddThis Share Buttons generic via filter on get_the_excerpt --><\/p>\n","protected":false},"author":5,"featured_media":0,"comment_status":"open","ping_status":"open","sticky":false,"template":"","format":"standard","meta":[],"categories":[1],"tags":[312,1299,667,236,17,114,496],"_links":{"self":[{"href":"https:\/\/blogs.elcomercio.es\/retorcida-realidad\/wp-json\/wp\/v2\/posts\/7399"}],"collection":[{"href":"https:\/\/blogs.elcomercio.es\/retorcida-realidad\/wp-json\/wp\/v2\/posts"}],"about":[{"href":"https:\/\/blogs.elcomercio.es\/retorcida-realidad\/wp-json\/wp\/v2\/types\/post"}],"author":[{"embeddable":true,"href":"https:\/\/blogs.elcomercio.es\/retorcida-realidad\/wp-json\/wp\/v2\/users\/5"}],"replies":[{"embeddable":true,"href":"https:\/\/blogs.elcomercio.es\/retorcida-realidad\/wp-json\/wp\/v2\/comments?post=7399"}],"version-history":[{"count":1,"href":"https:\/\/blogs.elcomercio.es\/retorcida-realidad\/wp-json\/wp\/v2\/posts\/7399\/revisions"}],"predecessor-version":[{"id":7401,"href":"https:\/\/blogs.elcomercio.es\/retorcida-realidad\/wp-json\/wp\/v2\/posts\/7399\/revisions\/7401"}],"wp:attachment":[{"href":"https:\/\/blogs.elcomercio.es\/retorcida-realidad\/wp-json\/wp\/v2\/media?parent=7399"}],"wp:term":[{"taxonomy":"category","embeddable":true,"href":"https:\/\/blogs.elcomercio.es\/retorcida-realidad\/wp-json\/wp\/v2\/categories?post=7399"},{"taxonomy":"post_tag","embeddable":true,"href":"https:\/\/blogs.elcomercio.es\/retorcida-realidad\/wp-json\/wp\/v2\/tags?post=7399"}],"curies":[{"name":"wp","href":"https:\/\/api.w.org\/{rel}","templated":true}]}}