{"id":74,"date":"2007-12-14T07:38:22","date_gmt":"2007-12-14T07:38:22","guid":{"rendered":"http:\/\/blogs.elcomercio.es\/retorcida-realidad\/?p=74"},"modified":"2007-12-14T07:38:22","modified_gmt":"2007-12-14T07:38:22","slug":"los-debates-televisados","status":"publish","type":"post","link":"https:\/\/blogs.elcomercio.es\/retorcida-realidad\/2007\/12\/14\/los-debates-televisados\/","title":{"rendered":"Los debates televisados."},"content":{"rendered":"<p><IMG src=\"\/retorcida-realidad\/files\/fororajoy-zp.jpg\" id=\"img_0\" class=\"imgizqda\" height=\"143\" width=\"161\"><big>Hay quien sostiene que Mariano Rajoy se equivoc\u00f3 al no querer debatir p\u00fablicamente durante la anterior campa\u00f1a con el, por aquel entonces, candidato Zapatero. Bien, yo he de decir dos cosas a tenor de esto. Primero, considero el efecto de un debate bastante limitado, puesto que, entre otras cosas, sus formatos suelen ser r\u00edgidos y estudiados para que apenas dejen ver al candidato de verdad y segundo, las elecciones del 2004 fueron tan at\u00edpicas debido al atentado del 11-M que toda la parafernalia electoral pas\u00f3 a segundo plano. En todo caso, esta semana ya supimos que para la nueva contienda de marzo tendremos, de momento, dos debates. Y, lo que result\u00f3 m\u00e1s curioso, la forma de anunciarlo fue completamente contraria a lo que recomiendan los manuales de pol\u00edtica. Desde una tribuna p\u00fablica Rajoy habl\u00f3 de que le gustar\u00eda tener tres debates y, lo que fue m\u00e1s chocante, se\u00f1al\u00f3 las cadenas en las cuales deber\u00edan celebrarse. Craso error. A los cinco segundos ya le estaban lloviendo las cr\u00edticas por dejar fuera a la cadena p\u00fablica (RTVE) y una privada (La Sexta). Digamos que, este tipo de cosas, deben entretejerse en las bambalinas de los partidos. Su departamento de comunicaci\u00f3n (o coordinador de campa\u00f1a en su caso) es el que tiene que ponerse de acuerdo con el contrario, pero, l\u00f3gicamente, en ning\u00fan caso el l\u00edder debe ser p\u00fablicamente responsable de la elecci\u00f3n de medios ni contenidos. Ayer, como no pod\u00eda ser de otra forma, desde el PP se rectific\u00f3. Ya ni se se\u00f1alaron cadenas, ni formatos. \u00danicamente, que se hab\u00edan puesto de acuerdo con el oponente en que fueran dos y las fechas. De los errores, tambi\u00e9n se aprende.<\/big><\/p>\n<!-- AddThis Advanced Settings generic via filter on the_content --><!-- AddThis Share Buttons generic via filter on the_content -->","protected":false},"excerpt":{"rendered":"<p>Hay quien sostiene que Mariano Rajoy se equivoc\u00f3 al no querer debatir p\u00fablicamente durante la anterior campa\u00f1a con el, por aquel entonces, candidato Zapatero. Bien, yo he de decir dos cosas a tenor de esto. Primero, considero el efecto de un debate bastante limitado, puesto que, entre otras cosas, sus formatos suelen ser r\u00edgidos y [&hellip;]<!-- AddThis Advanced Settings generic via filter on get_the_excerpt --><!-- AddThis Share Buttons generic via filter on get_the_excerpt --><\/p>\n","protected":false},"author":5,"featured_media":0,"comment_status":"open","ping_status":"closed","sticky":false,"template":"","format":"standard","meta":[],"categories":[2],"tags":[],"_links":{"self":[{"href":"https:\/\/blogs.elcomercio.es\/retorcida-realidad\/wp-json\/wp\/v2\/posts\/74"}],"collection":[{"href":"https:\/\/blogs.elcomercio.es\/retorcida-realidad\/wp-json\/wp\/v2\/posts"}],"about":[{"href":"https:\/\/blogs.elcomercio.es\/retorcida-realidad\/wp-json\/wp\/v2\/types\/post"}],"author":[{"embeddable":true,"href":"https:\/\/blogs.elcomercio.es\/retorcida-realidad\/wp-json\/wp\/v2\/users\/5"}],"replies":[{"embeddable":true,"href":"https:\/\/blogs.elcomercio.es\/retorcida-realidad\/wp-json\/wp\/v2\/comments?post=74"}],"version-history":[{"count":0,"href":"https:\/\/blogs.elcomercio.es\/retorcida-realidad\/wp-json\/wp\/v2\/posts\/74\/revisions"}],"wp:attachment":[{"href":"https:\/\/blogs.elcomercio.es\/retorcida-realidad\/wp-json\/wp\/v2\/media?parent=74"}],"wp:term":[{"taxonomy":"category","embeddable":true,"href":"https:\/\/blogs.elcomercio.es\/retorcida-realidad\/wp-json\/wp\/v2\/categories?post=74"},{"taxonomy":"post_tag","embeddable":true,"href":"https:\/\/blogs.elcomercio.es\/retorcida-realidad\/wp-json\/wp\/v2\/tags?post=74"}],"curies":[{"name":"wp","href":"https:\/\/api.w.org\/{rel}","templated":true}]}}