{"id":7402,"date":"2023-07-04T07:38:44","date_gmt":"2023-07-04T05:38:44","guid":{"rendered":"https:\/\/blogs.elcomercio.es\/retorcida-realidad\/?p=7402"},"modified":"2023-07-04T07:40:16","modified_gmt":"2023-07-04T05:40:16","slug":"festivales","status":"publish","type":"post","link":"https:\/\/blogs.elcomercio.es\/retorcida-realidad\/2023\/07\/04\/festivales\/","title":{"rendered":"Festivales."},"content":{"rendered":"<p><a href=\"https:\/\/static-blogs.elcomercio.es\/wp-content\/uploads\/sites\/4\/2023\/07\/85216838-1200x840.jpg\"><img loading=\"lazy\" class=\"size-medium wp-image-7403 alignleft\" src=\"https:\/\/static-blogs.elcomercio.es\/wp-content\/uploads\/sites\/4\/2023\/07\/85216838-1200x840-300x210.jpg\" alt=\"\" width=\"300\" height=\"210\" srcset=\"https:\/\/static-blogs.elcomercio.es\/wp-content\/uploads\/sites\/4\/2023\/07\/85216838-1200x840-300x210.jpg 300w, https:\/\/static-blogs.elcomercio.es\/wp-content\/uploads\/sites\/4\/2023\/07\/85216838-1200x840-768x538.jpg 768w, https:\/\/static-blogs.elcomercio.es\/wp-content\/uploads\/sites\/4\/2023\/07\/85216838-1200x840-1024x717.jpg 1024w, https:\/\/static-blogs.elcomercio.es\/wp-content\/uploads\/sites\/4\/2023\/07\/85216838-1200x840.jpg 1200w\" sizes=\"(max-width: 300px) 100vw, 300px\" \/><\/a>Sin duda, uno de los grandes atractivos del verano gijon\u00e9s est\u00e1 en sus festivales. Eventos que han ido cogiendo m\u00e1s fuerza tras la pandemia. Hasta cuatro se concentran en este tiempo estival que incluyen conciertos y diversas actividades. Ser\u00edan Metr\u00f3poli, Tsunami Xix\u00f3n, Ye-Y\u00e9 y la Semana Negra. Que el pasado viernes, fecha en la que se inaugur\u00f3 el primero, m\u00e1s de 10.000 personas agotasen las entradas para ver a la cantante de moda, da buena prueba del \u00e9xito que est\u00e1n teniendo. <strong>Digo m\u00e1s, abriendo incluso el debate sobre qui\u00e9n es de verdad el rey en nuestra programaci\u00f3n veraniega.<\/strong> Si antes no hab\u00eda duda de que la Semana Negra se llevaba la palma, ahora eso hay que ponerlo en solfa. El evento negro presume siempre de tener las mejores cifras de participaci\u00f3n. Sin embargo, nunca tuvo un mecanismo verificable de asistencia, puesto que la entrada a su recinto es libre y gratuita. <strong>Adem\u00e1s, cuando hace balance de cada edici\u00f3n, sus n\u00fameros chirr\u00edan por exorbitados.<\/strong> Por tanto, da la impresi\u00f3n de que la competencia le est\u00e1 ganando terreno, si no es que le ha superado ya. <strong>Eso s\u00ed, sin tanta fanfarria y apoyo municipal como siempre ha tenido la Semana Negra durante su larga historia.<\/strong> Digamos, pues, que ser\u00e1 interesante ver la evoluci\u00f3n de estos festivales a lo largo de los pr\u00f3ximos a\u00f1os.<\/p>\n<p>Por otro lado, el nuevo equipo de gobierno tiene el af\u00e1n de volver a los macroconciertos. Es decir, a entrar en las giras de artistas internacionales con renombre capaces de llenar grandes recintos como El Molin\u00f3n. Hablamos, por ejemplo, de <em>Bruce Springsteen<\/em>. <strong>Algo muy loable pero que es necesario analizar con cautela.<\/strong> Esto es, si compensa el esfuerzo econ\u00f3mico de traerlos, puesto que pueden causar un agujero de grandes proporciones en las arcas municipales, disfrazado luego como inversi\u00f3n en la promoci\u00f3n tur\u00edstica de la ciudad. Los \u00faltimos macroconciertos que tuvieron lugar -durante un mismo fin de semana actuaron <em>Elton John y Leny Kravitz<\/em> en julio de 2015- se saldaron con abundantes p\u00e9rdidas. En concreto, Divertia tuvo que poner 403.000 euros por la diferencia entre la venta de entradas y el cach\u00e9 de los cantantes. <strong>Ojo, esta f\u00f3rmula que parece muy golosa \u2013pero con alto riesgo para ciudades de tama\u00f1o medio como la nuestra- puede acabar siendo un quebradero de cabeza a la hora de cuadrar los n\u00fameros.<\/strong> En otros lugares, se ha apostado por conciertos m\u00e1s peque\u00f1os y con tir\u00f3n popular. En definitiva, los festivales.<\/p>\n<p><em><strong>@balbuenajm<\/strong><\/em><\/p>\n<!-- AddThis Advanced Settings generic via filter on the_content --><!-- AddThis Share Buttons generic via filter on the_content -->","protected":false},"excerpt":{"rendered":"<p>Sin duda, uno de los grandes atractivos del verano gijon\u00e9s est\u00e1 en sus festivales. Eventos que han ido cogiendo m\u00e1s fuerza tras la pandemia. Hasta cuatro se concentran en este tiempo estival que incluyen conciertos y diversas actividades. Ser\u00edan Metr\u00f3poli, Tsunami Xix\u00f3n, Ye-Y\u00e9 y la Semana Negra. Que el pasado viernes, fecha en la que [&hellip;]<!-- AddThis Advanced Settings generic via filter on get_the_excerpt --><!-- AddThis Share Buttons generic via filter on get_the_excerpt --><\/p>\n","protected":false},"author":5,"featured_media":0,"comment_status":"open","ping_status":"open","sticky":false,"template":"","format":"standard","meta":[],"categories":[1],"tags":[312,1301,17,1300,59,413],"_links":{"self":[{"href":"https:\/\/blogs.elcomercio.es\/retorcida-realidad\/wp-json\/wp\/v2\/posts\/7402"}],"collection":[{"href":"https:\/\/blogs.elcomercio.es\/retorcida-realidad\/wp-json\/wp\/v2\/posts"}],"about":[{"href":"https:\/\/blogs.elcomercio.es\/retorcida-realidad\/wp-json\/wp\/v2\/types\/post"}],"author":[{"embeddable":true,"href":"https:\/\/blogs.elcomercio.es\/retorcida-realidad\/wp-json\/wp\/v2\/users\/5"}],"replies":[{"embeddable":true,"href":"https:\/\/blogs.elcomercio.es\/retorcida-realidad\/wp-json\/wp\/v2\/comments?post=7402"}],"version-history":[{"count":1,"href":"https:\/\/blogs.elcomercio.es\/retorcida-realidad\/wp-json\/wp\/v2\/posts\/7402\/revisions"}],"predecessor-version":[{"id":7404,"href":"https:\/\/blogs.elcomercio.es\/retorcida-realidad\/wp-json\/wp\/v2\/posts\/7402\/revisions\/7404"}],"wp:attachment":[{"href":"https:\/\/blogs.elcomercio.es\/retorcida-realidad\/wp-json\/wp\/v2\/media?parent=7402"}],"wp:term":[{"taxonomy":"category","embeddable":true,"href":"https:\/\/blogs.elcomercio.es\/retorcida-realidad\/wp-json\/wp\/v2\/categories?post=7402"},{"taxonomy":"post_tag","embeddable":true,"href":"https:\/\/blogs.elcomercio.es\/retorcida-realidad\/wp-json\/wp\/v2\/tags?post=7402"}],"curies":[{"name":"wp","href":"https:\/\/api.w.org\/{rel}","templated":true}]}}