{"id":7406,"date":"2023-07-08T08:09:02","date_gmt":"2023-07-08T06:09:02","guid":{"rendered":"https:\/\/blogs.elcomercio.es\/retorcida-realidad\/?p=7406"},"modified":"2023-07-08T08:11:28","modified_gmt":"2023-07-08T06:11:28","slug":"inteligencia-artificial","status":"publish","type":"post","link":"https:\/\/blogs.elcomercio.es\/retorcida-realidad\/2023\/07\/08\/inteligencia-artificial\/","title":{"rendered":"Inteligencia artificial."},"content":{"rendered":"<p><a href=\"https:\/\/static-blogs.elcomercio.es\/wp-content\/uploads\/sites\/4\/2023\/07\/85304923-758x531.jpg\"><img loading=\"lazy\" class=\"size-medium wp-image-7407 alignleft\" src=\"https:\/\/static-blogs.elcomercio.es\/wp-content\/uploads\/sites\/4\/2023\/07\/85304923-758x531-300x210.jpg\" alt=\"\" width=\"300\" height=\"210\" srcset=\"https:\/\/static-blogs.elcomercio.es\/wp-content\/uploads\/sites\/4\/2023\/07\/85304923-758x531-300x210.jpg 300w, https:\/\/static-blogs.elcomercio.es\/wp-content\/uploads\/sites\/4\/2023\/07\/85304923-758x531.jpg 758w\" sizes=\"(max-width: 300px) 100vw, 300px\" \/><\/a>Sabido es que el futuro en manos de m\u00e1quinas resulta inquietante. Aqu\u00ed tuvimos una prueba en materia de Movilidad. Eso s\u00ed, m\u00e1quinas, digo, ideol\u00f3gicas que impon\u00edan su criterio a las bravas, aunque eso representase llegar al absurdo. Tomen como ejemplo lo que pas\u00f3 en El Muro con el famoso <em>\u00abcascayu\u00bb<\/em> o ese carril bici encajado en mitad del paseo. <strong>La inteligencia artificial (pero muy artificial) aplicada a las calles gijonesas nos estuvo complicando la vida durante cuatro a\u00f1os, con una batalla sin cuartel contra el coche.<\/strong> Buena prueba fue el corredor peatonal que se intent\u00f3 montar con las calles <em>Ru\u00edz G\u00f3mez y Caridad<\/em>. Dec\u00edan nuestros particulares <em>\u00abTerminator\u00bb<\/em> del veh\u00edculo particular que -con la sobada excusa de la pandemia- era necesario montar un camino hacia la playa. S\u00ed, que las masas obreras y campesinas ten\u00edan que fluir hacia San Lorenzo por all\u00ed. <strong>Oigan, como si no se pudiese acceder al arenal en nuestro Gij\u00f3n del alma desde m\u00faltiples puntos.<\/strong> El caso es que ambas c\u00e9ntricas calles fueron desmanteladas. Se eliminaron las plazas de aparcamiento y quedaron en un limbo.<strong> Ni fueron v\u00edas completamente peatonales, ni tampoco abiertas al tr\u00e1fico.<\/strong> Pintaron dos filas de colorines a cada lado para uso de los viandantes, pero estos siempre iban por las aceras de toda la vida. Es m\u00e1s, al final, quien utilizaba esta especie de nuevo <em>\u00abcascayu\u00bb<\/em>, eran los coches y veh\u00edculos de reparto para estacionar. En resumen, un sinsentido total. M\u00e1xime cuando una se\u00f1al indicaba a los conductores que intentaban atravesarlas, que pod\u00edan encontrarse con ni\u00f1os jugando a la pelota porque era \u00e1rea residencial. Nunca se vio ninguno. El nuevo equipo de gobierno ha decido desmantelar el engredo. Es decir, revertir las dos filas de colorines para volver a tener aparcamientos. Se recuperar\u00e1n sobre unos 50. <strong>Moraleja: tengan cuidado cuando algunos pol\u00edticos utilizan la inteligencia artificial (pero muy artificial).<\/strong><\/p>\n<p><em><strong>@balbuenajm<\/strong><\/em><\/p>\n<!-- AddThis Advanced Settings generic via filter on the_content --><!-- AddThis Share Buttons generic via filter on the_content -->","protected":false},"excerpt":{"rendered":"<p>Sabido es que el futuro en manos de m\u00e1quinas resulta inquietante. Aqu\u00ed tuvimos una prueba en materia de Movilidad. Eso s\u00ed, m\u00e1quinas, digo, ideol\u00f3gicas que impon\u00edan su criterio a las bravas, aunque eso representase llegar al absurdo. Tomen como ejemplo lo que pas\u00f3 en El Muro con el famoso \u00abcascayu\u00bb o ese carril bici encajado [&hellip;]<!-- AddThis Advanced Settings generic via filter on get_the_excerpt --><!-- AddThis Share Buttons generic via filter on get_the_excerpt --><\/p>\n","protected":false},"author":5,"featured_media":0,"comment_status":"open","ping_status":"open","sticky":false,"template":"","format":"standard","meta":[],"categories":[1],"tags":[312,936,17,764,45],"_links":{"self":[{"href":"https:\/\/blogs.elcomercio.es\/retorcida-realidad\/wp-json\/wp\/v2\/posts\/7406"}],"collection":[{"href":"https:\/\/blogs.elcomercio.es\/retorcida-realidad\/wp-json\/wp\/v2\/posts"}],"about":[{"href":"https:\/\/blogs.elcomercio.es\/retorcida-realidad\/wp-json\/wp\/v2\/types\/post"}],"author":[{"embeddable":true,"href":"https:\/\/blogs.elcomercio.es\/retorcida-realidad\/wp-json\/wp\/v2\/users\/5"}],"replies":[{"embeddable":true,"href":"https:\/\/blogs.elcomercio.es\/retorcida-realidad\/wp-json\/wp\/v2\/comments?post=7406"}],"version-history":[{"count":1,"href":"https:\/\/blogs.elcomercio.es\/retorcida-realidad\/wp-json\/wp\/v2\/posts\/7406\/revisions"}],"predecessor-version":[{"id":7408,"href":"https:\/\/blogs.elcomercio.es\/retorcida-realidad\/wp-json\/wp\/v2\/posts\/7406\/revisions\/7408"}],"wp:attachment":[{"href":"https:\/\/blogs.elcomercio.es\/retorcida-realidad\/wp-json\/wp\/v2\/media?parent=7406"}],"wp:term":[{"taxonomy":"category","embeddable":true,"href":"https:\/\/blogs.elcomercio.es\/retorcida-realidad\/wp-json\/wp\/v2\/categories?post=7406"},{"taxonomy":"post_tag","embeddable":true,"href":"https:\/\/blogs.elcomercio.es\/retorcida-realidad\/wp-json\/wp\/v2\/tags?post=7406"}],"curies":[{"name":"wp","href":"https:\/\/api.w.org\/{rel}","templated":true}]}}