{"id":7409,"date":"2023-07-11T06:51:22","date_gmt":"2023-07-11T04:51:22","guid":{"rendered":"https:\/\/blogs.elcomercio.es\/retorcida-realidad\/?p=7409"},"modified":"2023-07-11T06:58:49","modified_gmt":"2023-07-11T04:58:49","slug":"igual-de-mal","status":"publish","type":"post","link":"https:\/\/blogs.elcomercio.es\/retorcida-realidad\/2023\/07\/11\/igual-de-mal\/","title":{"rendered":"Igual de mal."},"content":{"rendered":"<p><a href=\"https:\/\/static-blogs.elcomercio.es\/wp-content\/uploads\/sites\/4\/2023\/07\/adriana-lastra-gijon-U190640299068pwC-ROfg4qOrEn6kk6Ay5JlLwzJ-758x531@El-Comercio-ElComercio.jpg\"><img loading=\"lazy\" class=\"size-medium wp-image-7410 alignleft\" src=\"https:\/\/static-blogs.elcomercio.es\/wp-content\/uploads\/sites\/4\/2023\/07\/adriana-lastra-gijon-U190640299068pwC-ROfg4qOrEn6kk6Ay5JlLwzJ-758x531@El-Comercio-ElComercio-300x210.jpg\" alt=\"\" width=\"300\" height=\"210\" srcset=\"https:\/\/static-blogs.elcomercio.es\/wp-content\/uploads\/sites\/4\/2023\/07\/adriana-lastra-gijon-U190640299068pwC-ROfg4qOrEn6kk6Ay5JlLwzJ-758x531@El-Comercio-ElComercio-300x210.jpg 300w, https:\/\/static-blogs.elcomercio.es\/wp-content\/uploads\/sites\/4\/2023\/07\/adriana-lastra-gijon-U190640299068pwC-ROfg4qOrEn6kk6Ay5JlLwzJ-758x531@El-Comercio-ElComercio.jpg 758w\" sizes=\"(max-width: 300px) 100vw, 300px\" \/><\/a>El plan de v\u00edas ha estado presente en la campa\u00f1a para los comicios del 23 de julio. La candidata del PSOE al Congreso, <em>Adriana Lastra,<\/em> dijo el pasado s\u00e1bado en Gij\u00f3n dos cosas. La primera, que nuestra eterna integraci\u00f3n ferroviaria <em>\u00abest\u00e1 en riesgo\u00bb<\/em> en el caso de que <em>\u00ablleguen otros al Gobierno de Espa\u00f1a y la paralicen\u00bb<\/em>. Afirmaci\u00f3n, por otra parte, discutible. <strong>Al plan de v\u00edas le ha ido mal tanto con socialistas como populares. Ninguna administraci\u00f3n de cualquier color pol\u00edtico ha conseguido sacarlo adelante.<\/strong> Bien sea siendo del mismo signo dentro de las tres intervinientes (Estado, Principado y Ayuntamiento), o bien distinto (lo cual ya se produjo varias veces). <strong>La historia de nuestro plan de v\u00edas no se escribe porque exista un partido pol\u00edtico determinado en el poder. Todos, absolutamente todos, nos han fallado.<\/strong> Y segunda, dice que <em>\u00abhoy es una realidad y se ha conseguido licitar\u00bb<\/em>. Pues no. En lo que estamos es en la redacci\u00f3n de un proyecto constructivo para la estaci\u00f3n intermodal, cuya entrega est\u00e1 prevista en octubre de 2025. <strong>Lo que hemos hecho durante estos cuatro a\u00f1os ha sido volver a empezar.<\/strong> Cambiar el emplazamiento de nuevo a Moreda, despu\u00e9s de que el del Museo del Ferrocarril estuviese refrendado por un convenio publicado en el BOE. Lo que ahora tenemos con el Ministerio de Transportes es un protocolo carente de efectos jur\u00eddicos. <strong>Esto es, una figura administrativa que cualquier Ejecutivo se la puede pasar donde acaba la espalda.<\/strong> Eso s\u00ed es preocupante y no qui\u00e9n est\u00e9 en el poder.<\/p>\n<p>Por otro lado, dado que habr\u00e1 cambios en Madrid, seguro, tendremos que conocer la estrategia del equipo de gobierno municipal. <strong>O sea, c\u00f3mo va a defender el que de una vez por todas tengamos una estaci\u00f3n de tren y autobuses digna.<\/strong> Sin duda, no pasa por volver a reformular el emplazamiento, puesto que nadie lo entender\u00eda. Daremos por buena la ubicaci\u00f3n de Moreda. Debate cerrado. Sin embargo, quedan bastantes cosas por discutir. Por ejemplo, qu\u00e9 se va a hacer con los terrenos del \u00absolar\u00f3n\u00bb. Si vamos a tener un parque como compensaci\u00f3n porque con suerte ser\u00e1n, ojo, 30 a\u00f1os esperando, o bien un suelo residencial que no se vende. Si la estaci\u00f3n de autobuses va a ser compatible con el intercambiador anunciado por el Principado para El Humedal, o quedar\u00e1 como un apeadero de lujo. <strong>En definitiva, incertidumbre que tampoco pasa por el color pol\u00edtico de quien gobierne. Repito: hasta ahora, nos ha ido igual de mal.<\/strong><\/p>\n<p><em><strong>@balbuenajm<\/strong><\/em><\/p>\n<!-- AddThis Advanced Settings generic via filter on the_content --><!-- AddThis Share Buttons generic via filter on the_content -->","protected":false},"excerpt":{"rendered":"<p>El plan de v\u00edas ha estado presente en la campa\u00f1a para los comicios del 23 de julio. La candidata del PSOE al Congreso, Adriana Lastra, dijo el pasado s\u00e1bado en Gij\u00f3n dos cosas. La primera, que nuestra eterna integraci\u00f3n ferroviaria \u00abest\u00e1 en riesgo\u00bb en el caso de que \u00ablleguen otros al Gobierno de Espa\u00f1a y [&hellip;]<!-- AddThis Advanced Settings generic via filter on get_the_excerpt --><!-- AddThis Share Buttons generic via filter on get_the_excerpt --><\/p>\n","protected":false},"author":5,"featured_media":0,"comment_status":"open","ping_status":"open","sticky":false,"template":"","format":"standard","meta":[],"categories":[1],"tags":[312,1281,1302,17,618,36],"_links":{"self":[{"href":"https:\/\/blogs.elcomercio.es\/retorcida-realidad\/wp-json\/wp\/v2\/posts\/7409"}],"collection":[{"href":"https:\/\/blogs.elcomercio.es\/retorcida-realidad\/wp-json\/wp\/v2\/posts"}],"about":[{"href":"https:\/\/blogs.elcomercio.es\/retorcida-realidad\/wp-json\/wp\/v2\/types\/post"}],"author":[{"embeddable":true,"href":"https:\/\/blogs.elcomercio.es\/retorcida-realidad\/wp-json\/wp\/v2\/users\/5"}],"replies":[{"embeddable":true,"href":"https:\/\/blogs.elcomercio.es\/retorcida-realidad\/wp-json\/wp\/v2\/comments?post=7409"}],"version-history":[{"count":1,"href":"https:\/\/blogs.elcomercio.es\/retorcida-realidad\/wp-json\/wp\/v2\/posts\/7409\/revisions"}],"predecessor-version":[{"id":7411,"href":"https:\/\/blogs.elcomercio.es\/retorcida-realidad\/wp-json\/wp\/v2\/posts\/7409\/revisions\/7411"}],"wp:attachment":[{"href":"https:\/\/blogs.elcomercio.es\/retorcida-realidad\/wp-json\/wp\/v2\/media?parent=7409"}],"wp:term":[{"taxonomy":"category","embeddable":true,"href":"https:\/\/blogs.elcomercio.es\/retorcida-realidad\/wp-json\/wp\/v2\/categories?post=7409"},{"taxonomy":"post_tag","embeddable":true,"href":"https:\/\/blogs.elcomercio.es\/retorcida-realidad\/wp-json\/wp\/v2\/tags?post=7409"}],"curies":[{"name":"wp","href":"https:\/\/api.w.org\/{rel}","templated":true}]}}