{"id":7416,"date":"2023-07-18T07:33:34","date_gmt":"2023-07-18T05:33:34","guid":{"rendered":"https:\/\/blogs.elcomercio.es\/retorcida-realidad\/?p=7416"},"modified":"2023-07-18T07:34:44","modified_gmt":"2023-07-18T05:34:44","slug":"fijar-poblacion","status":"publish","type":"post","link":"https:\/\/blogs.elcomercio.es\/retorcida-realidad\/2023\/07\/18\/fijar-poblacion\/","title":{"rendered":"Fijar poblaci\u00f3n."},"content":{"rendered":"<p><a href=\"https:\/\/static-blogs.elcomercio.es\/wp-content\/uploads\/sites\/4\/2023\/07\/85074187-758x531.jpg\"><img loading=\"lazy\" class=\"size-medium wp-image-7417 alignleft\" src=\"https:\/\/static-blogs.elcomercio.es\/wp-content\/uploads\/sites\/4\/2023\/07\/85074187-758x531-300x210.jpg\" alt=\"\" width=\"300\" height=\"210\" srcset=\"https:\/\/static-blogs.elcomercio.es\/wp-content\/uploads\/sites\/4\/2023\/07\/85074187-758x531-300x210.jpg 300w, https:\/\/static-blogs.elcomercio.es\/wp-content\/uploads\/sites\/4\/2023\/07\/85074187-758x531.jpg 758w\" sizes=\"(max-width: 300px) 100vw, 300px\" \/><\/a>Anda el sector tur\u00edstico gijon\u00e9s inquieto. De momento, los n\u00fameros no son como el a\u00f1o pasado. Seg\u00fan pudieron leer en estas mismas p\u00e1ginas, tanto las reservas como el consumo per c\u00e1pita han ca\u00eddo. No obstante, conf\u00edan en la remontada. Es decir, que a partir de esta segunda quincena de julio sea un verano mejor que el anterior. Todo lo que sea estar por debajo del 90 por ciento de ocupaci\u00f3n parece un fracaso. <strong>Evaluaci\u00f3n que se repite con car\u00e1cter c\u00edclico y que debe llevar a preguntarnos cu\u00e1l es nuestro l\u00edmite. O sea, si el turismo en nuestra ciudad tiene un techo concreto.<\/strong> O m\u00e1s bien al contrario, debemos afanarnos en batir r\u00e9cord tras r\u00e9cord. Incluso nos proponen que la fiesta sea a\u00fan mayor. Con una Semana Grande de programaci\u00f3n m\u00e1s atractiva, que se alargue durante m\u00e1s d\u00edas o que incluya casetas para dinamizar la hosteler\u00eda. <strong>En definitiva, que Gij\u00f3n sea una \u00abfolixa\u00bb continua, con m\u00e1s actividades que ayuden a recaudar para aguantar el largo invierno.<\/strong> Repito: desde que dejamos de ser una ciudad industrial y pasamos al sector servicios, es lo que escuchamos verano tras verano. Aumentado si cabe, porque la pandemia represent\u00f3 un par\u00f3n inesperado en una actividad que estaba rozando casi la burbuja.<\/p>\n<p><strong><a href=\"https:\/\/static-blogs.elcomercio.es\/wp-content\/uploads\/sites\/4\/2023\/07\/85568388-1200x840.jpg\"><img loading=\"lazy\" class=\"size-medium wp-image-7418 alignleft\" src=\"https:\/\/static-blogs.elcomercio.es\/wp-content\/uploads\/sites\/4\/2023\/07\/85568388-1200x840-300x210.jpg\" alt=\"\" width=\"300\" height=\"210\" srcset=\"https:\/\/static-blogs.elcomercio.es\/wp-content\/uploads\/sites\/4\/2023\/07\/85568388-1200x840-300x210.jpg 300w, https:\/\/static-blogs.elcomercio.es\/wp-content\/uploads\/sites\/4\/2023\/07\/85568388-1200x840-768x538.jpg 768w, https:\/\/static-blogs.elcomercio.es\/wp-content\/uploads\/sites\/4\/2023\/07\/85568388-1200x840-1024x717.jpg 1024w, https:\/\/static-blogs.elcomercio.es\/wp-content\/uploads\/sites\/4\/2023\/07\/85568388-1200x840.jpg 1200w\" sizes=\"(max-width: 300px) 100vw, 300px\" \/><\/a>Sin embargo, esto no impide que nuestro Gij\u00f3n del alma tambi\u00e9n se vea afectado por la ca\u00edda de poblaci\u00f3n.<\/strong> En 2022 tuvimos 1.192 empadronados menos que el a\u00f1o anterior. Digamos que estamos a reventar en la temporada estival y semivac\u00edos durante el invierno. Una estacionalidad que hace que muchos negocios se planteen abrir solo durante unos meses, como pasa en toda la costa asturiana. <strong>Por tanto, debemos preguntarnos, \u00bfqu\u00e9 queremos? \u00bfM\u00e1s veraneantes o habitantes? \u00bfPor qu\u00e9 no logramos fijar poblaci\u00f3n? \u00bfDe qu\u00e9 nos vale tanto turista si luego la demograf\u00eda sigue cayendo?<\/strong> Entiendo que el objetivo no es solo conseguir m\u00e1s visitantes (que tambi\u00e9n), sino hacer una ciudad cada vez m\u00e1s atractiva para residir (el verdadero reto). <strong>\u00bfQu\u00e9 es m\u00e1s importante? \u00bfTener m\u00e1s primeras o segundas residencias? \u00bfM\u00e1s alquileres estables o de uso tur\u00edstico que ya superan a las plazas hoteleras?<\/strong> Nuestra principal preocupaci\u00f3n debe ser crecer como ciudad. Eso nos permitir\u00eda acceder a m\u00e1s y mejores servicios, puesto que el tama\u00f1o importa a la hora de conseguirlos. Nadie duda de la importancia del turismo. <strong>Ahora bien, el futuro est\u00e1 en que haya m\u00e1s poblaci\u00f3n y no solo gente de paso.<\/strong><\/p>\n<p><em><strong>@balbuenajm<\/strong><\/em><\/p>\n<!-- AddThis Advanced Settings generic via filter on the_content --><!-- AddThis Share Buttons generic via filter on the_content -->","protected":false},"excerpt":{"rendered":"<p>Anda el sector tur\u00edstico gijon\u00e9s inquieto. De momento, los n\u00fameros no son como el a\u00f1o pasado. Seg\u00fan pudieron leer en estas mismas p\u00e1ginas, tanto las reservas como el consumo per c\u00e1pita han ca\u00eddo. No obstante, conf\u00edan en la remontada. Es decir, que a partir de esta segunda quincena de julio sea un verano mejor que [&hellip;]<!-- AddThis Advanced Settings generic via filter on get_the_excerpt --><!-- AddThis Share Buttons generic via filter on get_the_excerpt --><\/p>\n","protected":false},"author":5,"featured_media":0,"comment_status":"open","ping_status":"open","sticky":false,"template":"","format":"standard","meta":[],"categories":[1],"tags":[312,17,890,1303,1050,889,404],"_links":{"self":[{"href":"https:\/\/blogs.elcomercio.es\/retorcida-realidad\/wp-json\/wp\/v2\/posts\/7416"}],"collection":[{"href":"https:\/\/blogs.elcomercio.es\/retorcida-realidad\/wp-json\/wp\/v2\/posts"}],"about":[{"href":"https:\/\/blogs.elcomercio.es\/retorcida-realidad\/wp-json\/wp\/v2\/types\/post"}],"author":[{"embeddable":true,"href":"https:\/\/blogs.elcomercio.es\/retorcida-realidad\/wp-json\/wp\/v2\/users\/5"}],"replies":[{"embeddable":true,"href":"https:\/\/blogs.elcomercio.es\/retorcida-realidad\/wp-json\/wp\/v2\/comments?post=7416"}],"version-history":[{"count":1,"href":"https:\/\/blogs.elcomercio.es\/retorcida-realidad\/wp-json\/wp\/v2\/posts\/7416\/revisions"}],"predecessor-version":[{"id":7419,"href":"https:\/\/blogs.elcomercio.es\/retorcida-realidad\/wp-json\/wp\/v2\/posts\/7416\/revisions\/7419"}],"wp:attachment":[{"href":"https:\/\/blogs.elcomercio.es\/retorcida-realidad\/wp-json\/wp\/v2\/media?parent=7416"}],"wp:term":[{"taxonomy":"category","embeddable":true,"href":"https:\/\/blogs.elcomercio.es\/retorcida-realidad\/wp-json\/wp\/v2\/categories?post=7416"},{"taxonomy":"post_tag","embeddable":true,"href":"https:\/\/blogs.elcomercio.es\/retorcida-realidad\/wp-json\/wp\/v2\/tags?post=7416"}],"curies":[{"name":"wp","href":"https:\/\/api.w.org\/{rel}","templated":true}]}}