{"id":7420,"date":"2023-07-22T08:59:13","date_gmt":"2023-07-22T06:59:13","guid":{"rendered":"https:\/\/blogs.elcomercio.es\/retorcida-realidad\/?p=7420"},"modified":"2023-07-22T08:59:28","modified_gmt":"2023-07-22T06:59:28","slug":"sangre-y-arena","status":"publish","type":"post","link":"https:\/\/blogs.elcomercio.es\/retorcida-realidad\/2023\/07\/22\/sangre-y-arena\/","title":{"rendered":"Sangre y arena."},"content":{"rendered":"<p><a href=\"https:\/\/static-blogs.elcomercio.es\/wp-content\/uploads\/sites\/4\/2023\/07\/bibio-kQGC-RzJjGAy7Vmx9uYW0WOhXdjP-758x531@El-Comercio.jpg\"><img loading=\"lazy\" class=\"size-medium wp-image-7421 alignleft\" src=\"https:\/\/static-blogs.elcomercio.es\/wp-content\/uploads\/sites\/4\/2023\/07\/bibio-kQGC-RzJjGAy7Vmx9uYW0WOhXdjP-758x531@El-Comercio-300x211.jpg\" alt=\"\" width=\"300\" height=\"211\" srcset=\"https:\/\/static-blogs.elcomercio.es\/wp-content\/uploads\/sites\/4\/2023\/07\/bibio-kQGC-RzJjGAy7Vmx9uYW0WOhXdjP-758x531@El-Comercio-300x211.jpg 300w, https:\/\/static-blogs.elcomercio.es\/wp-content\/uploads\/sites\/4\/2023\/07\/bibio-kQGC-RzJjGAy7Vmx9uYW0WOhXdjP-758x531@El-Comercio.jpg 755w\" sizes=\"(max-width: 300px) 100vw, 300px\" \/><\/a>El mundo de los toros se divide en tres clases. Por un lado, quienes ven en una corrida algo m\u00edstico. Esto es, una especie de magia espiritual entre animal, hombre con espada y una muleta de por medio. Son los aficionados que abogan por el mantenimiento e incluso potenciaci\u00f3n de lo que llaman la Fiesta Nacional. Por otro, quienes ven en la tauromaquia algo cruel, desfasado y que se deber\u00eda erradicar. Es m\u00e1s, dicen que existe un maltrato animal evidente y piden su abolici\u00f3n desde el Congreso de los Diputados. Son los antitaurinos que se manifiestan ante las plazas. <strong>Ahora bien, existe un tercer tipo. Aquellos que no les gusta el toreo -ni jam\u00e1s ir\u00edan a una corrida- pero que tampoco quieren que se impida su celebraci\u00f3n por la puerta de atr\u00e1s.<\/strong> Esto es, mediante subterfugios que traten de evitar la legalidad vigente. Recuerden: en la actualidad, los espect\u00e1culos taurinos no est\u00e1n prohibidos en Espa\u00f1a. <strong>Sin duda, son con quienes me identifico.<\/strong> Entre otras cosas, porque me cuesta cercenar la libertad individual.<strong> O sea, que cada cual elija ir o no a un evento cualquiera.<\/strong> Ser\u00eda, pues, la afici\u00f3n a los toros quien determine con su asistencia si se celebran las corridas. Esta semana fue muy taurina en Gij\u00f3n. Sobre todo, porque despu\u00e9s de que se acabase con una tradici\u00f3n que cumple 135 a\u00f1os de un plumazo (a eso me refer\u00eda cuando se hace por la puerta de atr\u00e1s), la Feria de Bego\u00f1a ha vuelto con fuerza. El equipo de gobierno municipal se ha afanado en ponerla en marcha, pese a la escasez de tiempo. Ser\u00e1n cuatro d\u00edas a medidos de agosto donde volver\u00e1 la actividad al coso gijon\u00e9s. E<strong>speremos que esa misma fuerza se utilice tambi\u00e9n para revitalizar a El Bibio.<\/strong> A la postre, que se fomente su reforma y uso para otro tipo de actividades compatibles con su catalogaci\u00f3n como Bien de Inter\u00e9s Cultural. <strong>Nuestra plaza tiene que servir para algo m\u00e1s que sangre y arena.<\/strong><\/p>\n<p><em><strong>@balbuenajm<\/strong><\/em><\/p>\n<!-- AddThis Advanced Settings generic via filter on the_content --><!-- AddThis Share Buttons generic via filter on the_content -->","protected":false},"excerpt":{"rendered":"<p>El mundo de los toros se divide en tres clases. Por un lado, quienes ven en una corrida algo m\u00edstico. Esto es, una especie de magia espiritual entre animal, hombre con espada y una muleta de por medio. Son los aficionados que abogan por el mantenimiento e incluso potenciaci\u00f3n de lo que llaman la Fiesta [&hellip;]<!-- AddThis Advanced Settings generic via filter on get_the_excerpt --><!-- AddThis Share Buttons generic via filter on get_the_excerpt --><\/p>\n","protected":false},"author":5,"featured_media":0,"comment_status":"open","ping_status":"open","sticky":false,"template":"","format":"standard","meta":[],"categories":[1],"tags":[1304,312,1127,1126,17,262],"_links":{"self":[{"href":"https:\/\/blogs.elcomercio.es\/retorcida-realidad\/wp-json\/wp\/v2\/posts\/7420"}],"collection":[{"href":"https:\/\/blogs.elcomercio.es\/retorcida-realidad\/wp-json\/wp\/v2\/posts"}],"about":[{"href":"https:\/\/blogs.elcomercio.es\/retorcida-realidad\/wp-json\/wp\/v2\/types\/post"}],"author":[{"embeddable":true,"href":"https:\/\/blogs.elcomercio.es\/retorcida-realidad\/wp-json\/wp\/v2\/users\/5"}],"replies":[{"embeddable":true,"href":"https:\/\/blogs.elcomercio.es\/retorcida-realidad\/wp-json\/wp\/v2\/comments?post=7420"}],"version-history":[{"count":1,"href":"https:\/\/blogs.elcomercio.es\/retorcida-realidad\/wp-json\/wp\/v2\/posts\/7420\/revisions"}],"predecessor-version":[{"id":7422,"href":"https:\/\/blogs.elcomercio.es\/retorcida-realidad\/wp-json\/wp\/v2\/posts\/7420\/revisions\/7422"}],"wp:attachment":[{"href":"https:\/\/blogs.elcomercio.es\/retorcida-realidad\/wp-json\/wp\/v2\/media?parent=7420"}],"wp:term":[{"taxonomy":"category","embeddable":true,"href":"https:\/\/blogs.elcomercio.es\/retorcida-realidad\/wp-json\/wp\/v2\/categories?post=7420"},{"taxonomy":"post_tag","embeddable":true,"href":"https:\/\/blogs.elcomercio.es\/retorcida-realidad\/wp-json\/wp\/v2\/tags?post=7420"}],"curies":[{"name":"wp","href":"https:\/\/api.w.org\/{rel}","templated":true}]}}