{"id":7428,"date":"2023-07-29T08:08:52","date_gmt":"2023-07-29T06:08:52","guid":{"rendered":"https:\/\/blogs.elcomercio.es\/retorcida-realidad\/?p=7428"},"modified":"2023-07-29T08:16:28","modified_gmt":"2023-07-29T06:16:28","slug":"sentencia-amarga","status":"publish","type":"post","link":"https:\/\/blogs.elcomercio.es\/retorcida-realidad\/2023\/07\/29\/sentencia-amarga\/","title":{"rendered":"Sentencia amarga."},"content":{"rendered":"<p><a href=\"https:\/\/static-blogs.elcomercio.es\/wp-content\/uploads\/sites\/4\/2023\/07\/caso-musel-kXdD-U200888588708OJE-758x531@El-Comercio.jpg\"><img loading=\"lazy\" class=\"size-medium wp-image-7429 alignleft\" src=\"https:\/\/static-blogs.elcomercio.es\/wp-content\/uploads\/sites\/4\/2023\/07\/caso-musel-kXdD-U200888588708OJE-758x531@El-Comercio-300x210.jpg\" alt=\"\" width=\"300\" height=\"210\" srcset=\"https:\/\/static-blogs.elcomercio.es\/wp-content\/uploads\/sites\/4\/2023\/07\/caso-musel-kXdD-U200888588708OJE-758x531@El-Comercio-300x210.jpg 300w, https:\/\/static-blogs.elcomercio.es\/wp-content\/uploads\/sites\/4\/2023\/07\/caso-musel-kXdD-U200888588708OJE-758x531@El-Comercio.jpg 758w\" sizes=\"(max-width: 300px) 100vw, 300px\" \/><\/a>Vuelven a nuestra vida hechos que nunca habr\u00edamos querido tener que recordar. Me refiero a la sentencia del juicio que se celebr\u00f3 en la Audiencia Nacional por presuntas irregularidades en la ampliaci\u00f3n de El Musel. Un tema que lleva en la palestra desde el 2012, fecha en la que se liquid\u00f3 de forma definitiva el monto total de las obras. Licitadas y adjudicadas por 499 millones de euros, pero que terminaron costando al erario colectivo la friolera de 708,7 millones m\u00e1s IVA. <strong>Pues bien, despu\u00e9s de m\u00e1s de ocho largos a\u00f1os de procedimiento judicial (comenz\u00f3 el 8 de enero de 2015) todos los acusados han sido absueltos del delito de fraude.<\/strong> A lo que hay que sumar tambi\u00e9n, para los ex cargos p\u00fablicos, el de prevaricaci\u00f3n. Los magistrados consideran que no hubo convivencia entre los responsables de la Autoridad Portuaria y la UTE Dique Torres. Es m\u00e1s, hablan de <em>\u00abprofundas discrepancias\u00bb<\/em>, reflejadas en cientos de horas de discusiones sobre las canteras, el pesaje de los camiones, la actualizaci\u00f3n de precios o que el proyecto original estaba agotado antes de empezar. Eso s\u00ed, con un matiz importante: predomin\u00f3 el \u00abs\u00e1lvese quien pueda\u00bb general. Ninguno de los imputados quer\u00eda ser chivo expiatorio. <strong>Tenemos, pues, una sentencia amarga: no solo para el ciudadano que ha visto como la ampliaci\u00f3n cost\u00f3 casi el doble y no ha habido ni un simple tir\u00f3n de orejas, sino tambi\u00e9n para los propios acusados que llevaban mucho tiempo siendo se\u00f1alados.<\/strong> Como digo, da mucha pereza tener que revivir esta \u00e9poca oscura de la obra p\u00fablica. Puesta en solfa mil veces por los incre\u00edbles sobrecostes generados y ese supuesto halo de malversaci\u00f3n. En la actualidad, a El Musel le quedan todav\u00eda algo menos de un mill\u00f3n de metros cuadrados disponibles. Bien es cierto, que existen sobre 16 proyectos pendientes que demandan casi el doble de espacio. <strong>A la postre, 13 a\u00f1os despu\u00e9s de su finalizaci\u00f3n empezamos a ver los resultados de aquella obra que se hubiera cargado la playa, si llega a ejecutarse en su versi\u00f3n con 4,8 kil\u00f3metros de dique.<\/strong> La famosa alternativa \u201c3C\u201d. Por lo dem\u00e1s, ponemos un punto y seguido en la asunci\u00f3n de responsabilidades. Tampoco sabemos si final, porque esta sentencia no es firme y puede ser recurrida por la fiscal\u00eda.<\/p>\n<p><em><strong>@balbuenajm<\/strong><\/em><\/p>\n<!-- AddThis Advanced Settings generic via filter on the_content --><!-- AddThis Share Buttons generic via filter on the_content -->","protected":false},"excerpt":{"rendered":"<p>Vuelven a nuestra vida hechos que nunca habr\u00edamos querido tener que recordar. Me refiero a la sentencia del juicio que se celebr\u00f3 en la Audiencia Nacional por presuntas irregularidades en la ampliaci\u00f3n de El Musel. Un tema que lleva en la palestra desde el 2012, fecha en la que se liquid\u00f3 de forma definitiva el [&hellip;]<!-- AddThis Advanced Settings generic via filter on get_the_excerpt --><!-- AddThis Share Buttons generic via filter on get_the_excerpt --><\/p>\n","protected":false},"author":5,"featured_media":0,"comment_status":"open","ping_status":"open","sticky":false,"template":"","format":"standard","meta":[],"categories":[1],"tags":[489,312,14,17,1307],"_links":{"self":[{"href":"https:\/\/blogs.elcomercio.es\/retorcida-realidad\/wp-json\/wp\/v2\/posts\/7428"}],"collection":[{"href":"https:\/\/blogs.elcomercio.es\/retorcida-realidad\/wp-json\/wp\/v2\/posts"}],"about":[{"href":"https:\/\/blogs.elcomercio.es\/retorcida-realidad\/wp-json\/wp\/v2\/types\/post"}],"author":[{"embeddable":true,"href":"https:\/\/blogs.elcomercio.es\/retorcida-realidad\/wp-json\/wp\/v2\/users\/5"}],"replies":[{"embeddable":true,"href":"https:\/\/blogs.elcomercio.es\/retorcida-realidad\/wp-json\/wp\/v2\/comments?post=7428"}],"version-history":[{"count":3,"href":"https:\/\/blogs.elcomercio.es\/retorcida-realidad\/wp-json\/wp\/v2\/posts\/7428\/revisions"}],"predecessor-version":[{"id":7432,"href":"https:\/\/blogs.elcomercio.es\/retorcida-realidad\/wp-json\/wp\/v2\/posts\/7428\/revisions\/7432"}],"wp:attachment":[{"href":"https:\/\/blogs.elcomercio.es\/retorcida-realidad\/wp-json\/wp\/v2\/media?parent=7428"}],"wp:term":[{"taxonomy":"category","embeddable":true,"href":"https:\/\/blogs.elcomercio.es\/retorcida-realidad\/wp-json\/wp\/v2\/categories?post=7428"},{"taxonomy":"post_tag","embeddable":true,"href":"https:\/\/blogs.elcomercio.es\/retorcida-realidad\/wp-json\/wp\/v2\/tags?post=7428"}],"curies":[{"name":"wp","href":"https:\/\/api.w.org\/{rel}","templated":true}]}}