{"id":7433,"date":"2023-08-02T07:00:07","date_gmt":"2023-08-02T05:00:07","guid":{"rendered":"https:\/\/blogs.elcomercio.es\/retorcida-realidad\/?p=7433"},"modified":"2023-08-02T07:00:30","modified_gmt":"2023-08-02T05:00:30","slug":"el-vaticano","status":"publish","type":"post","link":"https:\/\/blogs.elcomercio.es\/retorcida-realidad\/2023\/08\/02\/el-vaticano\/","title":{"rendered":"El vaticano."},"content":{"rendered":"<p><a href=\"https:\/\/static-blogs.elcomercio.es\/wp-content\/uploads\/sites\/4\/2023\/08\/86010090-758x531.jpg\"><img loading=\"lazy\" class=\"size-medium wp-image-7434 alignleft\" src=\"https:\/\/static-blogs.elcomercio.es\/wp-content\/uploads\/sites\/4\/2023\/08\/86010090-758x531-300x210.jpg\" alt=\"\" width=\"300\" height=\"210\" srcset=\"https:\/\/static-blogs.elcomercio.es\/wp-content\/uploads\/sites\/4\/2023\/08\/86010090-758x531-300x210.jpg 300w, https:\/\/static-blogs.elcomercio.es\/wp-content\/uploads\/sites\/4\/2023\/08\/86010090-758x531.jpg 758w\" sizes=\"(max-width: 300px) 100vw, 300px\" \/><\/a>Sin duda, el nuevo Plan General de Ordenaci\u00f3n (PGO) supuso un cambio en las aspiraciones sobre los terrenos del antiguo astillero de Naval Gij\u00f3n. Su declaraci\u00f3n como suelo para actividades relacionas con la econom\u00eda azul -a la postre, vinculadas al mar- represent\u00f3 un varapalo para sus propietarios. <strong>En principio, deseosos de aumentar la edificaci\u00f3n residencial mucho m\u00e1s all\u00e1 del 20% actual.<\/strong> De hecho, Peque\u00f1os y Medianos Astilleros en Reconversi\u00f3n (Pymar), propietario del 35,5%, batall\u00f3 judicialmente para cambiar esta calificaci\u00f3n. Sin embargo, no lo consigui\u00f3. <strong>Es, pues, un hecho que los terrenos se deben dedicar mayoritariamente a actividades empresariales y que el PGO de 2019 est\u00e1 consolidado. Punto final.<\/strong> Partiendo de esta base, nuestro Ayuntamiento quiere afrontar su desarrollo. De sobra sabemos que para la iniciativa privada es m\u00e1s interesante la construcci\u00f3n de pisos que oficinas. M\u00e1xime, teniendo en cuenta el mundo digital en que vivimos, es decir, donde la gente trabaja desde casa. Por eso, pese a los intentos de Pymar y la Autoridad Portuaria de su venta, no han encontrado comprador.<strong> Dicho otra forma: existen muy pocas posibilidades de que esa cicatriz urbana se resta\u00f1e desde lo privado.<\/strong> Seguiremos en esta situaci\u00f3n \u00abad infinitum\u00bb si desde las administraciones no se empuja un proyecto.<\/p>\n<p>Nuestra alcaldesa, <em>Carmen Moriy\u00f3n,<\/em> parece dispuesta a que este sea uno de los grandes objetivos de su mandato. Por ello, ya envi\u00f3 emisarios a Pymar para empezar las conversaciones, mientras que ella misma se reuni\u00f3 con la Autoridad Portuaria. Buscando, claro, que ambas partes se involucren. Siendo conscientes de que la primera no deja de ser una sociedad mercantil sin ninguna vinculaci\u00f3n con la ciudad, mientras que la segunda s\u00ed. <strong>O sea, el Puerto tiene fibra sensible con Gij\u00f3n.<\/strong> Otra cosa es que, m\u00e1s all\u00e1 de lo sentimental, El Musel deba todav\u00eda 320 millones de euros por su ampliaci\u00f3n. <strong>En otras palabras, necesita pasta.<\/strong> <em>Moriy\u00f3n<\/em> dice que el Puerto no puede ser el <em>\u00abestado independiente del Vaticano\u00bb<\/em> y aspira encontrar una f\u00f3rmula para el desarrollo conjunto de la fachada oeste. Al menos, en esta primera reuni\u00f3n, hubo un <em>\u00abcompromiso firme\u00bb<\/em> para buscarla. El problema est\u00e1 en ver lo que dice el Papa. <strong>Recordemos que quien tiene la \u00faltima palabra es Puertos del Estado, que concedi\u00f3 un pr\u00e9stamo a El Musel de 215 millones de euros. Por tanto, el Papa, como digo, no es gijon\u00e9s y querr\u00e1 que le paguen. He ah\u00ed la cuesti\u00f3n.<\/strong><\/p>\n<p><em><strong>@balbuenajm<\/strong><\/em><\/p>\n<!-- AddThis Advanced Settings generic via filter on the_content --><!-- AddThis Share Buttons generic via filter on the_content -->","protected":false},"excerpt":{"rendered":"<p>Sin duda, el nuevo Plan General de Ordenaci\u00f3n (PGO) supuso un cambio en las aspiraciones sobre los terrenos del antiguo astillero de Naval Gij\u00f3n. Su declaraci\u00f3n como suelo para actividades relacionas con la econom\u00eda azul -a la postre, vinculadas al mar- represent\u00f3 un varapalo para sus propietarios. En principio, deseosos de aumentar la edificaci\u00f3n residencial [&hellip;]<!-- AddThis Advanced Settings generic via filter on get_the_excerpt --><!-- AddThis Share Buttons generic via filter on get_the_excerpt --><\/p>\n","protected":false},"author":5,"featured_media":0,"comment_status":"open","ping_status":"open","sticky":false,"template":"","format":"standard","meta":[],"categories":[1],"tags":[246,312,14,17,19,1308],"_links":{"self":[{"href":"https:\/\/blogs.elcomercio.es\/retorcida-realidad\/wp-json\/wp\/v2\/posts\/7433"}],"collection":[{"href":"https:\/\/blogs.elcomercio.es\/retorcida-realidad\/wp-json\/wp\/v2\/posts"}],"about":[{"href":"https:\/\/blogs.elcomercio.es\/retorcida-realidad\/wp-json\/wp\/v2\/types\/post"}],"author":[{"embeddable":true,"href":"https:\/\/blogs.elcomercio.es\/retorcida-realidad\/wp-json\/wp\/v2\/users\/5"}],"replies":[{"embeddable":true,"href":"https:\/\/blogs.elcomercio.es\/retorcida-realidad\/wp-json\/wp\/v2\/comments?post=7433"}],"version-history":[{"count":1,"href":"https:\/\/blogs.elcomercio.es\/retorcida-realidad\/wp-json\/wp\/v2\/posts\/7433\/revisions"}],"predecessor-version":[{"id":7435,"href":"https:\/\/blogs.elcomercio.es\/retorcida-realidad\/wp-json\/wp\/v2\/posts\/7433\/revisions\/7435"}],"wp:attachment":[{"href":"https:\/\/blogs.elcomercio.es\/retorcida-realidad\/wp-json\/wp\/v2\/media?parent=7433"}],"wp:term":[{"taxonomy":"category","embeddable":true,"href":"https:\/\/blogs.elcomercio.es\/retorcida-realidad\/wp-json\/wp\/v2\/categories?post=7433"},{"taxonomy":"post_tag","embeddable":true,"href":"https:\/\/blogs.elcomercio.es\/retorcida-realidad\/wp-json\/wp\/v2\/tags?post=7433"}],"curies":[{"name":"wp","href":"https:\/\/api.w.org\/{rel}","templated":true}]}}