{"id":7437,"date":"2023-08-06T08:36:10","date_gmt":"2023-08-06T06:36:10","guid":{"rendered":"https:\/\/blogs.elcomercio.es\/retorcida-realidad\/?p=7437"},"modified":"2023-08-06T08:50:08","modified_gmt":"2023-08-06T06:50:08","slug":"ser-normales-3","status":"publish","type":"post","link":"https:\/\/blogs.elcomercio.es\/retorcida-realidad\/2023\/08\/06\/ser-normales-3\/","title":{"rendered":"Ser normales."},"content":{"rendered":"<p><a href=\"https:\/\/static-blogs.elcomercio.es\/wp-content\/uploads\/sites\/4\/2023\/08\/image.jpg\"><img loading=\"lazy\" class=\"size-medium wp-image-7438 alignleft\" src=\"https:\/\/static-blogs.elcomercio.es\/wp-content\/uploads\/sites\/4\/2023\/08\/image-300x169.jpg\" alt=\"\" width=\"300\" height=\"169\" srcset=\"https:\/\/static-blogs.elcomercio.es\/wp-content\/uploads\/sites\/4\/2023\/08\/image-300x169.jpg 300w, https:\/\/static-blogs.elcomercio.es\/wp-content\/uploads\/sites\/4\/2023\/08\/image-768x432.jpg 768w, https:\/\/static-blogs.elcomercio.es\/wp-content\/uploads\/sites\/4\/2023\/08\/image-1024x576.jpg 1024w, https:\/\/static-blogs.elcomercio.es\/wp-content\/uploads\/sites\/4\/2023\/08\/image.jpg 1920w\" sizes=\"(max-width: 300px) 100vw, 300px\" \/><\/a>\u00bfHemos visto algo especial en materia de Movilidad del nuevo equipo de gobierno municipal? \u00bfAlguna medida innovadora? \u00bfAlgo que llame la atenci\u00f3n? <strong>Yo dir\u00eda que la respuesta a todas esas preguntas es un no y, sin embargo, se nota que ha cambiado.<\/strong> Simplemente, deshaciendo los engendros que fueron heredados del anterior mandato. Esto es, hablo del \u00abScalextric\u00bb en El Muro o ese corredor virtual que convirti\u00f3 las calles Ru\u00edz G\u00f3mez y Caridad en no se sabe qu\u00e9. Digamos, pues, que la virtud de la actual concejal\u00eda ha sido hacerlo sencillo. Volver a la normalidad. Dejar las cosas como estaban hasta que se desarrolle un proyecto consensuado. <strong>Nada de inventos que hacen m\u00e1s dif\u00edcil el d\u00eda a d\u00eda de los ciudadanos. Nada de cambiar la vida a los gijoneses por la puerta de atr\u00e1s.<\/strong> Como digo, la ciudad evolucionar\u00e1 al ritmo de las dem\u00e1s en esta materia, sin necesidad de que seamos los m\u00e1s listos de la clase. Cada cosa a su tiempo. En este sentido, esta semana se ha dado un paso importante: el Pleno del pasado lunes retir\u00f3 el recurso ante la sentencia del Tribunal Superior de Justicia de Asturias que anulaba la ordenanza de Movilidad. En la pr\u00e1ctica, pone fin a esta norma y al plan que posteriormente se aprob\u00f3. Adi\u00f3s.<strong> Sin duda, la conclusi\u00f3n es que se deben hacer las cosas de otra manera. Respetando el derecho de todos (dos ruedas, cuatro y sobre todo peatones) a poder transitar.<\/strong> Ahora bien, no deja de ser sorprendente algunas reacciones que hemos visto. En concreto, la de Federaci\u00f3n de Asociaciones de Vecinos de la Zona Urbana (FAV) que en una reuni\u00f3n con la alcaldesa manifest\u00f3: \u00abCuesta entender que se retroceda en algunos aspectos\u00bb. \u00bfEn cu\u00e1les? \u00bfEn expulsar el coche a patadas de la ciudad? No s\u00e9, eso de \u00abavanzar hacia el siglo XXI\u00bb, \u00bfqu\u00e9 es para ellos? \u00bfQu\u00e9 los barrios queden aislados como islas en el oc\u00e9ano? <strong>Se\u00f1ores de la FAV: en Movilidad, solo queremos ser normales.<\/strong><\/p>\n<p><em><strong>@balbuenajm<\/strong><\/em><\/p>\n<!-- AddThis Advanced Settings generic via filter on the_content --><!-- AddThis Share Buttons generic via filter on the_content -->","protected":false},"excerpt":{"rendered":"<p>\u00bfHemos visto algo especial en materia de Movilidad del nuevo equipo de gobierno municipal? \u00bfAlguna medida innovadora? \u00bfAlgo que llame la atenci\u00f3n? Yo dir\u00eda que la respuesta a todas esas preguntas es un no y, sin embargo, se nota que ha cambiado. Simplemente, deshaciendo los engendros que fueron heredados del anterior mandato. Esto es, hablo [&hellip;]<!-- AddThis Advanced Settings generic via filter on get_the_excerpt --><!-- AddThis Share Buttons generic via filter on get_the_excerpt --><\/p>\n","protected":false},"author":5,"featured_media":0,"comment_status":"open","ping_status":"open","sticky":false,"template":"","format":"standard","meta":[],"categories":[1],"tags":[312,1105,459,581,17],"_links":{"self":[{"href":"https:\/\/blogs.elcomercio.es\/retorcida-realidad\/wp-json\/wp\/v2\/posts\/7437"}],"collection":[{"href":"https:\/\/blogs.elcomercio.es\/retorcida-realidad\/wp-json\/wp\/v2\/posts"}],"about":[{"href":"https:\/\/blogs.elcomercio.es\/retorcida-realidad\/wp-json\/wp\/v2\/types\/post"}],"author":[{"embeddable":true,"href":"https:\/\/blogs.elcomercio.es\/retorcida-realidad\/wp-json\/wp\/v2\/users\/5"}],"replies":[{"embeddable":true,"href":"https:\/\/blogs.elcomercio.es\/retorcida-realidad\/wp-json\/wp\/v2\/comments?post=7437"}],"version-history":[{"count":1,"href":"https:\/\/blogs.elcomercio.es\/retorcida-realidad\/wp-json\/wp\/v2\/posts\/7437\/revisions"}],"predecessor-version":[{"id":7439,"href":"https:\/\/blogs.elcomercio.es\/retorcida-realidad\/wp-json\/wp\/v2\/posts\/7437\/revisions\/7439"}],"wp:attachment":[{"href":"https:\/\/blogs.elcomercio.es\/retorcida-realidad\/wp-json\/wp\/v2\/media?parent=7437"}],"wp:term":[{"taxonomy":"category","embeddable":true,"href":"https:\/\/blogs.elcomercio.es\/retorcida-realidad\/wp-json\/wp\/v2\/categories?post=7437"},{"taxonomy":"post_tag","embeddable":true,"href":"https:\/\/blogs.elcomercio.es\/retorcida-realidad\/wp-json\/wp\/v2\/tags?post=7437"}],"curies":[{"name":"wp","href":"https:\/\/api.w.org\/{rel}","templated":true}]}}