{"id":7445,"date":"2023-08-15T07:52:17","date_gmt":"2023-08-15T05:52:17","guid":{"rendered":"https:\/\/blogs.elcomercio.es\/retorcida-realidad\/?p=7445"},"modified":"2023-08-15T07:52:58","modified_gmt":"2023-08-15T05:52:58","slug":"visitantes-por-habitantes","status":"publish","type":"post","link":"https:\/\/blogs.elcomercio.es\/retorcida-realidad\/2023\/08\/15\/visitantes-por-habitantes\/","title":{"rendered":"Visitantes por habitantes."},"content":{"rendered":"<p><a href=\"https:\/\/static-blogs.elcomercio.es\/wp-content\/uploads\/sites\/4\/2023\/08\/86378005-758x531.jpg\"><img loading=\"lazy\" class=\"size-medium wp-image-7446 alignleft\" src=\"https:\/\/static-blogs.elcomercio.es\/wp-content\/uploads\/sites\/4\/2023\/08\/86378005-758x531-300x210.jpg\" alt=\"\" width=\"300\" height=\"210\" srcset=\"https:\/\/static-blogs.elcomercio.es\/wp-content\/uploads\/sites\/4\/2023\/08\/86378005-758x531-300x210.jpg 300w, https:\/\/static-blogs.elcomercio.es\/wp-content\/uploads\/sites\/4\/2023\/08\/86378005-758x531.jpg 758w\" sizes=\"(max-width: 300px) 100vw, 300px\" \/><\/a>Hoy con el Restall\u00f3n y la Danza Prima finaliza la Semana Grande. Como siempre, motivo de opiniones variadas y debate continuo. <strong>Entre otras cosas, porque todos los a\u00f1os se le pide que sea a\u00fan m\u00e1s grande (nunca mejor dicho).<\/strong> Esto es, que sea muy intensa, con mucha asistencia y no se sabe cu\u00e1ntas cosas m\u00e1s. Desde la hosteler\u00eda, dicen que se puede alargar. O sea, que englobe dos fines de semana consecutivos para que las fiestas de Bego\u00f1a sean a\u00fan mayores. En Valencia, para que nos demos una idea, el mismo sector es partidario de que se retrase la vuelta al colegio. As\u00ed, claro, hay motivo para m\u00e1s d\u00edas de vacaciones y consumo. Adem\u00e1s, quieren sacar los bares a la calle. Al igual que sucede en otras ciudades, montar chiringuitos en determinadas v\u00edas con objeto de que se anime el ambiente. El problema, quiz\u00e1, ser\u00e1 para quienes tienen que trabajar. Habr\u00e1 que regular muy bien las horas de ocio y descanso. En cualquier caso, el Ayuntamiento parece receptivo a estas peticiones. Incluso no ve con malos ojos que se extienda en el tiempo y pase a ser de diez d\u00edas, como m\u00ednimo. En fin, siempre se puede aportar algo nuevo. De hecho, no estar\u00eda mal que se produjese una cierta renovaci\u00f3n. Por ejemplo, en la programaci\u00f3n de espect\u00e1culos que en 2023, a mi entender, ha sido floja. <strong>Sin embargo, lo que debe quedar bien claro es que la diversi\u00f3n tambi\u00e9n tiene un l\u00edmite. Si extendemos sobre manera la fiesta llegar\u00e1 un momento que perder\u00e1 inter\u00e9s.<\/strong> Nuestra Semana Grande siempre est\u00e1 llena de gente por arraigo y tradici\u00f3n, el problema lo tenemos despu\u00e9s. Cuando llega septiembre y nos quedamos sin visitantes.<\/p>\n<p>Efectivamente, a m\u00ed me sorprende que la mayor\u00eda de propuestas de la hosteler\u00eda incidan en la temporada estival. Ahora bien, como todos sabemos, en cuanto llega el oto\u00f1o (y sobre todo el invierno) el turismo cae hasta l\u00edmites insospechados. <strong>Entonces, pregunto, \u00bfno ser\u00eda mejor tener un balance equilibrado? A la postre, no un Gij\u00f3n a reventar en verano y semivac\u00edo el resto del a\u00f1o. \u00bfCu\u00e1l es el objetivo a conseguir? \u00bfQu\u00e9 haya cada vez m\u00e1s turismo estival o lograr que se reparta durante las cuatro estaciones?<\/strong> En las alas asturianas ocurre un fen\u00f3meno estacional con hoteles y restaurantes. Abren apenas seis meses al a\u00f1o, en el mejor de los casos, mientras que el resto del tiempo permanecen cerrados, dejando las localidades como aut\u00e9nticos fantasmas. <strong>En definitiva, yo prefiero cambiar visitantes por habitantes.<\/strong><\/p>\n<p><em><strong>@balbuenajm<\/strong><\/em><\/p>\n<!-- AddThis Advanced Settings generic via filter on the_content --><!-- AddThis Share Buttons generic via filter on the_content -->","protected":false},"excerpt":{"rendered":"<p>Hoy con el Restall\u00f3n y la Danza Prima finaliza la Semana Grande. Como siempre, motivo de opiniones variadas y debate continuo. Entre otras cosas, porque todos los a\u00f1os se le pide que sea a\u00fan m\u00e1s grande (nunca mejor dicho). Esto es, que sea muy intensa, con mucha asistencia y no se sabe cu\u00e1ntas cosas m\u00e1s. [&hellip;]<!-- AddThis Advanced Settings generic via filter on get_the_excerpt --><!-- AddThis Share Buttons generic via filter on get_the_excerpt --><\/p>\n","protected":false},"author":5,"featured_media":0,"comment_status":"open","ping_status":"open","sticky":false,"template":"","format":"standard","meta":[],"categories":[1],"tags":[312,1312,17,1049,1048],"_links":{"self":[{"href":"https:\/\/blogs.elcomercio.es\/retorcida-realidad\/wp-json\/wp\/v2\/posts\/7445"}],"collection":[{"href":"https:\/\/blogs.elcomercio.es\/retorcida-realidad\/wp-json\/wp\/v2\/posts"}],"about":[{"href":"https:\/\/blogs.elcomercio.es\/retorcida-realidad\/wp-json\/wp\/v2\/types\/post"}],"author":[{"embeddable":true,"href":"https:\/\/blogs.elcomercio.es\/retorcida-realidad\/wp-json\/wp\/v2\/users\/5"}],"replies":[{"embeddable":true,"href":"https:\/\/blogs.elcomercio.es\/retorcida-realidad\/wp-json\/wp\/v2\/comments?post=7445"}],"version-history":[{"count":1,"href":"https:\/\/blogs.elcomercio.es\/retorcida-realidad\/wp-json\/wp\/v2\/posts\/7445\/revisions"}],"predecessor-version":[{"id":7447,"href":"https:\/\/blogs.elcomercio.es\/retorcida-realidad\/wp-json\/wp\/v2\/posts\/7445\/revisions\/7447"}],"wp:attachment":[{"href":"https:\/\/blogs.elcomercio.es\/retorcida-realidad\/wp-json\/wp\/v2\/media?parent=7445"}],"wp:term":[{"taxonomy":"category","embeddable":true,"href":"https:\/\/blogs.elcomercio.es\/retorcida-realidad\/wp-json\/wp\/v2\/categories?post=7445"},{"taxonomy":"post_tag","embeddable":true,"href":"https:\/\/blogs.elcomercio.es\/retorcida-realidad\/wp-json\/wp\/v2\/tags?post=7445"}],"curies":[{"name":"wp","href":"https:\/\/api.w.org\/{rel}","templated":true}]}}