{"id":7448,"date":"2023-08-19T08:20:10","date_gmt":"2023-08-19T06:20:10","guid":{"rendered":"https:\/\/blogs.elcomercio.es\/retorcida-realidad\/?p=7448"},"modified":"2023-08-19T08:20:10","modified_gmt":"2023-08-19T06:20:10","slug":"morir-de-exito","status":"publish","type":"post","link":"https:\/\/blogs.elcomercio.es\/retorcida-realidad\/2023\/08\/19\/morir-de-exito\/","title":{"rendered":"Morir de \u00e9xito."},"content":{"rendered":"<p><a href=\"https:\/\/static-blogs.elcomercio.es\/wp-content\/uploads\/sites\/4\/2023\/08\/86465351-758x531.jpg\"><img loading=\"lazy\" class=\"size-medium wp-image-7449 alignleft\" src=\"https:\/\/static-blogs.elcomercio.es\/wp-content\/uploads\/sites\/4\/2023\/08\/86465351-758x531-300x210.jpg\" alt=\"\" width=\"300\" height=\"210\" srcset=\"https:\/\/static-blogs.elcomercio.es\/wp-content\/uploads\/sites\/4\/2023\/08\/86465351-758x531-300x210.jpg 300w, https:\/\/static-blogs.elcomercio.es\/wp-content\/uploads\/sites\/4\/2023\/08\/86465351-758x531.jpg 758w\" sizes=\"(max-width: 300px) 100vw, 300px\" \/><\/a>Los datos lo confirman. Seg\u00fan la herramienta Gij\u00f3n Data Lab -que hace un seguimiento continuo de la ocupaci\u00f3n y gasto tur\u00edstico en la ciudad- este a\u00f1o est\u00e1 siendo mejor que al anterior. Ojo, y eso que 2022 fue r\u00e9cord. Entre los motivos, podr\u00edamos apuntar b\u00e1sicamente dos. <strong>Primero, que las subvenciones al transporte p\u00fablico hacen casi gratis viajar para ciertos colectivos y segundo, muchos huyen de la parrilla ib\u00e9rica.<\/strong> Esto es, el llamado turista clim\u00e1tico que busca temperaturas soportables. En cualquier caso, tenemos que replantearnos cosas en nuestro Gij\u00f3n del alma. <strong>Es decir, c\u00f3mo compatibilizar esa ingente cantidad de visitantes con la convivencia diaria. O sea, que nuestra ciudad no se vuelva un lugar hostil para quienes vivimos aqu\u00ed.<\/strong> Al menos, durante los meses de verano porque luego, ya saben, la cosa mengua mucho. El tema tiene tela y se est\u00e1n produciendo paradojas. Resulta que ahora a la industria le ponemos todo tipo de reticencias, mientras que el turismo tiene manga ancha. <strong>La etiqueta de <em>\u00absostenible\u00bb<\/em> no parece aplicarse por igual. La industria contamina solo con nombrarla y el turismo masificado, pregunto, \u00bfacaso no?<\/strong> De hecho, hacemos cuanto haga falta para que esa cifra siga en aumento hasta el infinito. Incrementamos el n\u00famero de d\u00edas de fiesta (Semana Grande m\u00e1s grande), las reformas de las calles se hacen para que las terrazas de la hosteler\u00eda tengan garantizado su sitio (no tanto el peat\u00f3n) y el n\u00famero de pisos tur\u00edsticos no para de crecer (van 6.000 para desgracia de quienes tienen en el edificio su residencia habitual). \u00a1Cuidado! No vayamos a cometer los mismos errores que en otros lugares. Me refiero b\u00e1sicamente al sur de la pen\u00ednsula con un turismo intensivo que cambi\u00f3 geograf\u00edas y modos de vida. <strong>Tenemos, pues, el reto por delante de no morir de \u00e9xito.<\/strong> De que nuestro modelo sea c\u00f3modo para visitantes y residentes. Cr\u00e9anme, no es nada f\u00e1cil.<\/p>\n<p><em><strong>@balbuenajm<\/strong><\/em><\/p>\n<!-- AddThis Advanced Settings generic via filter on the_content --><!-- AddThis Share Buttons generic via filter on the_content -->","protected":false},"excerpt":{"rendered":"<p>Los datos lo confirman. Seg\u00fan la herramienta Gij\u00f3n Data Lab -que hace un seguimiento continuo de la ocupaci\u00f3n y gasto tur\u00edstico en la ciudad- este a\u00f1o est\u00e1 siendo mejor que al anterior. Ojo, y eso que 2022 fue r\u00e9cord. Entre los motivos, podr\u00edamos apuntar b\u00e1sicamente dos. Primero, que las subvenciones al transporte p\u00fablico hacen casi [&hellip;]<!-- AddThis Advanced Settings generic via filter on get_the_excerpt --><!-- AddThis Share Buttons generic via filter on get_the_excerpt --><\/p>\n","protected":false},"author":5,"featured_media":0,"comment_status":"open","ping_status":"open","sticky":false,"template":"","format":"standard","meta":[],"categories":[1],"tags":[312,17,404,413],"_links":{"self":[{"href":"https:\/\/blogs.elcomercio.es\/retorcida-realidad\/wp-json\/wp\/v2\/posts\/7448"}],"collection":[{"href":"https:\/\/blogs.elcomercio.es\/retorcida-realidad\/wp-json\/wp\/v2\/posts"}],"about":[{"href":"https:\/\/blogs.elcomercio.es\/retorcida-realidad\/wp-json\/wp\/v2\/types\/post"}],"author":[{"embeddable":true,"href":"https:\/\/blogs.elcomercio.es\/retorcida-realidad\/wp-json\/wp\/v2\/users\/5"}],"replies":[{"embeddable":true,"href":"https:\/\/blogs.elcomercio.es\/retorcida-realidad\/wp-json\/wp\/v2\/comments?post=7448"}],"version-history":[{"count":1,"href":"https:\/\/blogs.elcomercio.es\/retorcida-realidad\/wp-json\/wp\/v2\/posts\/7448\/revisions"}],"predecessor-version":[{"id":7450,"href":"https:\/\/blogs.elcomercio.es\/retorcida-realidad\/wp-json\/wp\/v2\/posts\/7448\/revisions\/7450"}],"wp:attachment":[{"href":"https:\/\/blogs.elcomercio.es\/retorcida-realidad\/wp-json\/wp\/v2\/media?parent=7448"}],"wp:term":[{"taxonomy":"category","embeddable":true,"href":"https:\/\/blogs.elcomercio.es\/retorcida-realidad\/wp-json\/wp\/v2\/categories?post=7448"},{"taxonomy":"post_tag","embeddable":true,"href":"https:\/\/blogs.elcomercio.es\/retorcida-realidad\/wp-json\/wp\/v2\/tags?post=7448"}],"curies":[{"name":"wp","href":"https:\/\/api.w.org\/{rel}","templated":true}]}}