{"id":7451,"date":"2023-08-22T08:41:02","date_gmt":"2023-08-22T06:41:02","guid":{"rendered":"https:\/\/blogs.elcomercio.es\/retorcida-realidad\/?p=7451"},"modified":"2023-08-22T08:41:55","modified_gmt":"2023-08-22T06:41:55","slug":"va-a-ser-que-no","status":"publish","type":"post","link":"https:\/\/blogs.elcomercio.es\/retorcida-realidad\/2023\/08\/22\/va-a-ser-que-no\/","title":{"rendered":"Va a ser que no."},"content":{"rendered":"<p><a href=\"https:\/\/static-blogs.elcomercio.es\/wp-content\/uploads\/sites\/4\/2023\/08\/piraguas-kKSB-U90959518918T9G-984x608@El-Comercio.jpg\"><img loading=\"lazy\" class=\"size-medium wp-image-7452 alignleft\" src=\"https:\/\/static-blogs.elcomercio.es\/wp-content\/uploads\/sites\/4\/2023\/08\/piraguas-kKSB-U90959518918T9G-984x608@El-Comercio-300x185.jpg\" alt=\"\" width=\"300\" height=\"185\" srcset=\"https:\/\/static-blogs.elcomercio.es\/wp-content\/uploads\/sites\/4\/2023\/08\/piraguas-kKSB-U90959518918T9G-984x608@El-Comercio-300x185.jpg 300w, https:\/\/static-blogs.elcomercio.es\/wp-content\/uploads\/sites\/4\/2023\/08\/piraguas-kKSB-U90959518918T9G-984x608@El-Comercio-768x475.jpg 768w, https:\/\/static-blogs.elcomercio.es\/wp-content\/uploads\/sites\/4\/2023\/08\/piraguas-kKSB-U90959518918T9G-984x608@El-Comercio.jpg 984w\" sizes=\"(max-width: 300px) 100vw, 300px\" \/><\/a>El pasado d\u00eda quince de agosto en la desembocadura del Piles el olor era insoportable. De ello se quejaban constantemente los viandantes -numerosos por la temporada estival- que recalcaban la intensidad de los efluvios. <strong>Tras el cierre de la playa durante el mes de junio por haber recibido vertidos fecales desde el r\u00edo, la sensibilidad ciudadana est\u00e1 a flor de piel.<\/strong> Es decir, cualquier aspecto desagradable es mirado con lupa. Por cierto, como debe ser. En este caso, el episodio se deb\u00eda a unas algas en descomposici\u00f3n que fueron retiradas por Emulsa. Un proceso natural que nada tiene que ver con la deficiente red de saneamiento gijonesa. A todas luces: el principal problema con el que se encuentra el Piles en su camino hacia la limpieza de sus aguas. Problema, digo, eterno en el que se han dado pasos muy importantes -como el pozo de tormentas y la puesta en marcha de la depuradora- pero que sigue sin solucionarse. <strong>De hecho, cualquier lluvia fuerte volver\u00e1 a poner en un brete a San Lorenzo, debido a los alivios que se producen desde las vetustas tuber\u00edas municipales.<\/strong><\/p>\n<p>La anterior concejal\u00eda de Medio Ambiente plante\u00f3 un proceso de renaturalizaci\u00f3n financiada con fondos europeos. De 3,2 millones de euros presupuestados, Europa contribuye con 2,8. <strong>O sea, un caramelo al que es muy dif\u00edcil resistirse.<\/strong> Sin embargo, el problema estuvo con la pr\u00e1ctica del pirag\u00fcismo en el r\u00edo. La retenci\u00f3n del caudal para crear una l\u00e1mina estable de agua resultaba incompatible con el proyecto. Al menos, eso dec\u00edan desde la concejal\u00eda. En la reuni\u00f3n mantenida por concejales del gobierno local y representantes del Ministerio de Transici\u00f3n Ecol\u00f3gica, junto con la Fundaci\u00f3n Biodiversidad, se comprometieron a estudiar soluciones t\u00e9cnicas en un futuro. Ojo, eso a pesar de que sin anillo navegable y con unas aguas que fluyen libremente, los problemas siguen igual. Seamos claros: va a ser que no. <strong>Al final, ya ver\u00e1n, el Ministerio ir\u00e1 por el libro y no permitir\u00e1 el pirag\u00fcismo (menuda es la ministra, <em>Teresa Ribera<\/em>).<\/strong> La financiaci\u00f3n europea se perder\u00e1 si se colocan azudes hinchables, tal y como quiere el Grupo Cultura Covadonga. Urge, pues, buscar otro tipo de soluciones y no parece que sean a corto plazo. Utilizar la zona de Naval Gij\u00f3n no es para ahora y esperar a que pase el plazo de garant\u00eda de la obra representa cinco a\u00f1os<strong>. Est\u00e1 claro, repito, que tal y como se plante\u00f3 el proyecto se ha llevado por delante el pirag\u00fcismo en el Piles.<\/strong><\/p>\n<p><em><strong>@balbuenajm<\/strong><\/em><\/p>\n<!-- AddThis Advanced Settings generic via filter on the_content --><!-- AddThis Share Buttons generic via filter on the_content -->","protected":false},"excerpt":{"rendered":"<p>El pasado d\u00eda quince de agosto en la desembocadura del Piles el olor era insoportable. De ello se quejaban constantemente los viandantes -numerosos por la temporada estival- que recalcaban la intensidad de los efluvios. Tras el cierre de la playa durante el mes de junio por haber recibido vertidos fecales desde el r\u00edo, la sensibilidad [&hellip;]<!-- AddThis Advanced Settings generic via filter on get_the_excerpt --><!-- AddThis Share Buttons generic via filter on get_the_excerpt --><\/p>\n","protected":false},"author":5,"featured_media":0,"comment_status":"open","ping_status":"open","sticky":false,"template":"","format":"standard","meta":[],"categories":[1],"tags":[312,1311,17,1207,804],"_links":{"self":[{"href":"https:\/\/blogs.elcomercio.es\/retorcida-realidad\/wp-json\/wp\/v2\/posts\/7451"}],"collection":[{"href":"https:\/\/blogs.elcomercio.es\/retorcida-realidad\/wp-json\/wp\/v2\/posts"}],"about":[{"href":"https:\/\/blogs.elcomercio.es\/retorcida-realidad\/wp-json\/wp\/v2\/types\/post"}],"author":[{"embeddable":true,"href":"https:\/\/blogs.elcomercio.es\/retorcida-realidad\/wp-json\/wp\/v2\/users\/5"}],"replies":[{"embeddable":true,"href":"https:\/\/blogs.elcomercio.es\/retorcida-realidad\/wp-json\/wp\/v2\/comments?post=7451"}],"version-history":[{"count":1,"href":"https:\/\/blogs.elcomercio.es\/retorcida-realidad\/wp-json\/wp\/v2\/posts\/7451\/revisions"}],"predecessor-version":[{"id":7453,"href":"https:\/\/blogs.elcomercio.es\/retorcida-realidad\/wp-json\/wp\/v2\/posts\/7451\/revisions\/7453"}],"wp:attachment":[{"href":"https:\/\/blogs.elcomercio.es\/retorcida-realidad\/wp-json\/wp\/v2\/media?parent=7451"}],"wp:term":[{"taxonomy":"category","embeddable":true,"href":"https:\/\/blogs.elcomercio.es\/retorcida-realidad\/wp-json\/wp\/v2\/categories?post=7451"},{"taxonomy":"post_tag","embeddable":true,"href":"https:\/\/blogs.elcomercio.es\/retorcida-realidad\/wp-json\/wp\/v2\/tags?post=7451"}],"curies":[{"name":"wp","href":"https:\/\/api.w.org\/{rel}","templated":true}]}}