{"id":7462,"date":"2023-09-12T07:00:12","date_gmt":"2023-09-12T05:00:12","guid":{"rendered":"https:\/\/blogs.elcomercio.es\/retorcida-realidad\/?p=7462"},"modified":"2023-09-12T07:00:48","modified_gmt":"2023-09-12T05:00:48","slug":"dando-vueltas-2","status":"publish","type":"post","link":"https:\/\/blogs.elcomercio.es\/retorcida-realidad\/2023\/09\/12\/dando-vueltas-2\/","title":{"rendered":"Dando vueltas."},"content":{"rendered":"<p><a href=\"https:\/\/static-blogs.elcomercio.es\/wp-content\/uploads\/sites\/4\/2023\/09\/87123459-758x531.jpg\"><img loading=\"lazy\" class=\"size-medium wp-image-7463 alignleft\" src=\"https:\/\/static-blogs.elcomercio.es\/wp-content\/uploads\/sites\/4\/2023\/09\/87123459-758x531-300x210.jpg\" alt=\"\" width=\"300\" height=\"210\" srcset=\"https:\/\/static-blogs.elcomercio.es\/wp-content\/uploads\/sites\/4\/2023\/09\/87123459-758x531-300x210.jpg 300w, https:\/\/static-blogs.elcomercio.es\/wp-content\/uploads\/sites\/4\/2023\/09\/87123459-758x531.jpg 758w\" sizes=\"(max-width: 300px) 100vw, 300px\" \/><\/a>No parece posible lo de compatibilizar el pirag\u00fcismo en el Piles y llevar a cabo su plan de renaturalizaci\u00f3n. Al menos, tal y como entienden el proyecto desde la Fundaci\u00f3n Biodiversidad del Ministerio para la Transici\u00f3n Ecol\u00f3gica. Aunque en el Ayuntamiento se fomente una nueva reuni\u00f3n a tres bandas, la intenci\u00f3n del Ministerio es que la obra se lleve a cabo sin una l\u00e1mina de agua estable, tal y como pide el Grupo Cultura Covadonga. S<strong>eguro que el r\u00edo seguir\u00e1 dando problemas a la playa con episodios de vertidos y sin el anillo navegable.<\/strong> Seguro que San Lorenzo se ver\u00e1 afectada esta misma semana por los alivios en la red de saneamiento, debido a la intensa tormenta que tuvimos en la madrugada del pasado lunes. Seguro que nos echaremos las manos a la cabeza y diremos que es un asco, pero las viejas tuber\u00edas seguir\u00e1n enviando materia fecal siempre que tengan ocasi\u00f3n. Por tanto, debemos considerar la eliminaci\u00f3n del pirag\u00fcismo como un da\u00f1o colateral. <strong>No el principal problema ni mucho menos, sino la consecuencia de una filosof\u00eda que borra cualquier tipo de actividad que se quiera lleva a cabo, independientemente del grado de culpa que tenga en la contaminaci\u00f3n que sufre el Piles.<\/strong> Las cartas est\u00e1n echadas y no tienen intenci\u00f3n de cambiarse. Por lo menos, sin perder la financiaci\u00f3n europea (2,8 millones de euros) que resulta vital para la ejecuci\u00f3n del proyecto.<\/p>\n<p><strong>Lo que no podemos, insisto, es seguir d\u00e1ndole vueltas al tema.<\/strong> Habr\u00e1 que buscar otras ubicaciones dentro de la ciudad, para que la pr\u00e1ctica deportiva del pirag\u00fcismo por los m\u00e1s j\u00f3venes sea viable. Quiz\u00e1 en los terrenos de Naval Gij\u00f3n o cualquier otro lugar que cumpla las condiciones necesarias. <strong>Lo que no podemos, repito, es creer que el Piles es una opci\u00f3n.<\/strong> Mientras esta decisi\u00f3n se encuentre en manos de la todopoderosa ministra de Transici\u00f3n Ecol\u00f3gica, <em>Teresa Ribera<\/em>, aviados estamos. Si se ha llevado por delante las centrales t\u00e9rmicas sin tener un plan para sustituirlas, imag\u00ednense lo que dir\u00e1 si se le plantean unos azudes hinchables en nuestro r\u00edo<strong>. Vamos, es que no lo va a dudar ni un segundo.<\/strong> Tampoco resulta razonable volver poner en marcha el mecanismo de compuertas del anillo navegable solo para unos meses. El sistema que lleva sin funcionar desde mayo de 2019 est\u00e1 deteriorado y echarlo a andar requerir\u00e1 de unos recursos que no merece la pena gastar. Oigan, y eso es lo que hay.<\/p>\n<p><em><strong>@balbuenajm<\/strong><\/em><\/p>\n<!-- AddThis Advanced Settings generic via filter on the_content --><!-- AddThis Share Buttons generic via filter on the_content -->","protected":false},"excerpt":{"rendered":"<p>No parece posible lo de compatibilizar el pirag\u00fcismo en el Piles y llevar a cabo su plan de renaturalizaci\u00f3n. Al menos, tal y como entienden el proyecto desde la Fundaci\u00f3n Biodiversidad del Ministerio para la Transici\u00f3n Ecol\u00f3gica. Aunque en el Ayuntamiento se fomente una nueva reuni\u00f3n a tres bandas, la intenci\u00f3n del Ministerio es que [&hellip;]<!-- AddThis Advanced Settings generic via filter on get_the_excerpt --><!-- AddThis Share Buttons generic via filter on get_the_excerpt --><\/p>\n","protected":false},"author":5,"featured_media":0,"comment_status":"open","ping_status":"open","sticky":false,"template":"","format":"standard","meta":[],"categories":[1],"tags":[312,257,1311,17,1207,804,351],"_links":{"self":[{"href":"https:\/\/blogs.elcomercio.es\/retorcida-realidad\/wp-json\/wp\/v2\/posts\/7462"}],"collection":[{"href":"https:\/\/blogs.elcomercio.es\/retorcida-realidad\/wp-json\/wp\/v2\/posts"}],"about":[{"href":"https:\/\/blogs.elcomercio.es\/retorcida-realidad\/wp-json\/wp\/v2\/types\/post"}],"author":[{"embeddable":true,"href":"https:\/\/blogs.elcomercio.es\/retorcida-realidad\/wp-json\/wp\/v2\/users\/5"}],"replies":[{"embeddable":true,"href":"https:\/\/blogs.elcomercio.es\/retorcida-realidad\/wp-json\/wp\/v2\/comments?post=7462"}],"version-history":[{"count":1,"href":"https:\/\/blogs.elcomercio.es\/retorcida-realidad\/wp-json\/wp\/v2\/posts\/7462\/revisions"}],"predecessor-version":[{"id":7464,"href":"https:\/\/blogs.elcomercio.es\/retorcida-realidad\/wp-json\/wp\/v2\/posts\/7462\/revisions\/7464"}],"wp:attachment":[{"href":"https:\/\/blogs.elcomercio.es\/retorcida-realidad\/wp-json\/wp\/v2\/media?parent=7462"}],"wp:term":[{"taxonomy":"category","embeddable":true,"href":"https:\/\/blogs.elcomercio.es\/retorcida-realidad\/wp-json\/wp\/v2\/categories?post=7462"},{"taxonomy":"post_tag","embeddable":true,"href":"https:\/\/blogs.elcomercio.es\/retorcida-realidad\/wp-json\/wp\/v2\/tags?post=7462"}],"curies":[{"name":"wp","href":"https:\/\/api.w.org\/{rel}","templated":true}]}}