{"id":7469,"date":"2023-09-19T06:37:46","date_gmt":"2023-09-19T04:37:46","guid":{"rendered":"https:\/\/blogs.elcomercio.es\/retorcida-realidad\/?p=7469"},"modified":"2023-09-19T06:38:09","modified_gmt":"2023-09-19T04:38:09","slug":"el-falso-gratis-3","status":"publish","type":"post","link":"https:\/\/blogs.elcomercio.es\/retorcida-realidad\/2023\/09\/19\/el-falso-gratis-3\/","title":{"rendered":"El falso gratis."},"content":{"rendered":"<p><a href=\"https:\/\/static-blogs.elcomercio.es\/wp-content\/uploads\/sites\/4\/2023\/09\/86669968-758x531.jpg\"><img loading=\"lazy\" class=\"size-medium wp-image-7470 alignleft\" src=\"https:\/\/static-blogs.elcomercio.es\/wp-content\/uploads\/sites\/4\/2023\/09\/86669968-758x531-300x210.jpg\" alt=\"\" width=\"300\" height=\"210\" srcset=\"https:\/\/static-blogs.elcomercio.es\/wp-content\/uploads\/sites\/4\/2023\/09\/86669968-758x531-300x210.jpg 300w, https:\/\/static-blogs.elcomercio.es\/wp-content\/uploads\/sites\/4\/2023\/09\/86669968-758x531.jpg 758w\" sizes=\"(max-width: 300px) 100vw, 300px\" \/><\/a>Desde esta columna ya hemos hablado en alguna ocasi\u00f3n de este concepto perverso. Me refiero a la presunta gratuidad de un determinado bien o servicio p\u00fablico, algo que en Asturias (y por ende Gij\u00f3n) nos encanta. <strong>Es decir, que los pol\u00edticos nos vendan, por ejemplo, que el transporte es gratuito, cuando en realidad no es as\u00ed. Siempre tiene un coste y dulcificarlo con el caramelo de que supuestamente no hay que pagar es enga\u00f1arnos.<\/strong> En este sentido, dos empresas municipales est\u00e1n pas\u00e1ndolo mal precisamente por aplicar lo del falso gratis. En concreto, Emtusa y Emulsa. A la postre, la de transportes y limpieza municipal. Vamos con la primera. Desde luego, como a todo el sector, la pandemia supuso una ca\u00edda ingente de viajeros que ha tardado en recuperarse. Entre otras cosas, por el miedo al contagio que exist\u00eda en buena parte de la poblaci\u00f3n a los lugares cerrados. Tambi\u00e9n, claro, el que los combustibles est\u00e1n por las nubes influye de forma decisiva. O sea, que el precio de los carburantes se encuentre cerca de m\u00e1ximos hist\u00f3ricos, tiene amplia repercusi\u00f3n en las cuentas de resultados. <strong>Ahora bien, antes ya se estaba practicando una cierta demagogia con Emtusa. <\/strong>Poniendo billetes gratuitos a ciertas capas de la poblaci\u00f3n (menores de 17 a\u00f1os) y bajando el precio del abono en general. De hecho, entre enero y junio redujo sus tarifas un 50% gracias a las ayudas directas propuestas por el Gobierno Central, medida que incluso se ha prorrogado. Descuento, digo, financiado en el 20% con recursos municipales. <strong>Resultado: los n\u00fameros no cuadran.<\/strong><\/p>\n<p><a href=\"https:\/\/static-blogs.elcomercio.es\/wp-content\/uploads\/sites\/4\/2023\/09\/87184416-758x531.jpg\"><img loading=\"lazy\" class=\"size-medium wp-image-7471 alignleft\" src=\"https:\/\/static-blogs.elcomercio.es\/wp-content\/uploads\/sites\/4\/2023\/09\/87184416-758x531-300x210.jpg\" alt=\"\" width=\"300\" height=\"210\" srcset=\"https:\/\/static-blogs.elcomercio.es\/wp-content\/uploads\/sites\/4\/2023\/09\/87184416-758x531-300x210.jpg 300w, https:\/\/static-blogs.elcomercio.es\/wp-content\/uploads\/sites\/4\/2023\/09\/87184416-758x531.jpg 758w\" sizes=\"(max-width: 300px) 100vw, 300px\" \/><\/a>En Emulsa, sucede algo parecido. Ambas circunstancias citadas anteriormente han influido de forma decisiva en la mala situaci\u00f3n financiera de la empresa. La limpieza extra realizada por la llegada de la Covid y el incremento de costes han hecho mella. Por tanto, el concejal de Medio Ambiente, el popular Rodrigo Pintueles, nos avisa de una m\u00e1s que probable subida de la tasa de basura. <strong>Redondeando en torno a 1,5 euros m\u00e1s por hogar al mes, en un esfuerzo por minimizar el palo. Cifra que ser\u00e1 superior puesto que, normalmente, dicha tasa se paga con la cuota de comunidad.<\/strong> Esto es, en la mayor\u00eda de los casos no se puede individualizar. Tenemos, pues, que ese incremento rechazado el a\u00f1o pasado por el actual gobierno municipal, en 2024 tiene visos de hacerse realidad. <strong>Ojo, y seguro que no ser\u00e1 el \u00fanico.<\/strong> La fiesta del falso gratis, sin duda, se acaba pagando.<\/p>\n<p><em><strong>@balbuenajm<\/strong><\/em><\/p>\n<!-- AddThis Advanced Settings generic via filter on the_content --><!-- AddThis Share Buttons generic via filter on the_content -->","protected":false},"excerpt":{"rendered":"<p>Desde esta columna ya hemos hablado en alguna ocasi\u00f3n de este concepto perverso. Me refiero a la presunta gratuidad de un determinado bien o servicio p\u00fablico, algo que en Asturias (y por ende Gij\u00f3n) nos encanta. Es decir, que los pol\u00edticos nos vendan, por ejemplo, que el transporte es gratuito, cuando en realidad no es [&hellip;]<!-- AddThis Advanced Settings generic via filter on get_the_excerpt --><!-- AddThis Share Buttons generic via filter on get_the_excerpt --><\/p>\n","protected":false},"author":5,"featured_media":0,"comment_status":"open","ping_status":"open","sticky":false,"template":"","format":"standard","meta":[],"categories":[1],"tags":[1240,312,1316,709,189,17,1315],"_links":{"self":[{"href":"https:\/\/blogs.elcomercio.es\/retorcida-realidad\/wp-json\/wp\/v2\/posts\/7469"}],"collection":[{"href":"https:\/\/blogs.elcomercio.es\/retorcida-realidad\/wp-json\/wp\/v2\/posts"}],"about":[{"href":"https:\/\/blogs.elcomercio.es\/retorcida-realidad\/wp-json\/wp\/v2\/types\/post"}],"author":[{"embeddable":true,"href":"https:\/\/blogs.elcomercio.es\/retorcida-realidad\/wp-json\/wp\/v2\/users\/5"}],"replies":[{"embeddable":true,"href":"https:\/\/blogs.elcomercio.es\/retorcida-realidad\/wp-json\/wp\/v2\/comments?post=7469"}],"version-history":[{"count":1,"href":"https:\/\/blogs.elcomercio.es\/retorcida-realidad\/wp-json\/wp\/v2\/posts\/7469\/revisions"}],"predecessor-version":[{"id":7472,"href":"https:\/\/blogs.elcomercio.es\/retorcida-realidad\/wp-json\/wp\/v2\/posts\/7469\/revisions\/7472"}],"wp:attachment":[{"href":"https:\/\/blogs.elcomercio.es\/retorcida-realidad\/wp-json\/wp\/v2\/media?parent=7469"}],"wp:term":[{"taxonomy":"category","embeddable":true,"href":"https:\/\/blogs.elcomercio.es\/retorcida-realidad\/wp-json\/wp\/v2\/categories?post=7469"},{"taxonomy":"post_tag","embeddable":true,"href":"https:\/\/blogs.elcomercio.es\/retorcida-realidad\/wp-json\/wp\/v2\/tags?post=7469"}],"curies":[{"name":"wp","href":"https:\/\/api.w.org\/{rel}","templated":true}]}}