{"id":7473,"date":"2023-09-23T08:16:29","date_gmt":"2023-09-23T06:16:29","guid":{"rendered":"https:\/\/blogs.elcomercio.es\/retorcida-realidad\/?p=7473"},"modified":"2023-09-23T08:17:04","modified_gmt":"2023-09-23T06:17:04","slug":"filigranas","status":"publish","type":"post","link":"https:\/\/blogs.elcomercio.es\/retorcida-realidad\/2023\/09\/23\/filigranas\/","title":{"rendered":"Filigranas."},"content":{"rendered":"<p><a href=\"https:\/\/static-blogs.elcomercio.es\/wp-content\/uploads\/sites\/4\/2023\/09\/Imagen-01-k6NI-758x531@El-Comercio.jpg\"><img loading=\"lazy\" class=\"size-medium wp-image-7474 alignleft\" src=\"https:\/\/static-blogs.elcomercio.es\/wp-content\/uploads\/sites\/4\/2023\/09\/Imagen-01-k6NI-758x531@El-Comercio-300x210.jpg\" alt=\"\" width=\"300\" height=\"210\" srcset=\"https:\/\/static-blogs.elcomercio.es\/wp-content\/uploads\/sites\/4\/2023\/09\/Imagen-01-k6NI-758x531@El-Comercio-300x210.jpg 300w, https:\/\/static-blogs.elcomercio.es\/wp-content\/uploads\/sites\/4\/2023\/09\/Imagen-01-k6NI-758x531@El-Comercio.jpg 758w\" sizes=\"(max-width: 300px) 100vw, 300px\" \/><\/a>La reuni\u00f3n que tuvo lugar esta semana entre la alcaldesa (Carmen Moriy\u00f3n) y el presidente del Principado (Adri\u00e1n Barb\u00f3n) fue como un \u00abDej\u00e1\u00e0 vu\u00bb. Ya saben, esa sensaci\u00f3n de algo que ya se ha vivido. M<strong>\u00e1s que nada, porque volvieron a salir los temas de siempre. Plan de v\u00edas, vial de Jove, ZALIA, etc\u00e9tera.<\/strong> Esas famosas infraestructuras gijonesas que nunca acaban de culminarse. En concreto, llama la atenci\u00f3n la situaci\u00f3n de la eterna integraci\u00f3n ferroviaria. <strong>Tal parece, no s\u00e9, que con la redacci\u00f3n del proyecto constructivo de la estaci\u00f3n intermodal se ha cumplido.<\/strong> Efectivamente, en octubre de 2025 tendremos los planos y luego, \u00bfqu\u00e9? \u00bfDe d\u00f3nde sale la financiaci\u00f3n, por ejemplo? En este sentido, la sociedad Gij\u00f3n al Norte -quien deber\u00eda haber liderado desde su inicio el plan de v\u00edas- no es m\u00e1s que un ente mortecino.<strong> Yo dir\u00eda que encantado con que se abra el en\u00e9simo debate para entretenimiento ciudadano.<\/strong> Esta vez, sobre si deben construirse pisos en el \u00absolar\u00f3n\u00bb o dejarlo como parque. Cuesti\u00f3n, por cierto, que deber\u00eda hacerse con n\u00fameros en la mano. O sea, sabiendo si esos fondos que proporcionar\u00eda la edificaci\u00f3n son o no imprescindibles para la obra. En todo caso, esta ciudad tendr\u00e1 que ser compensada de alguna manera por los m\u00e1s de veinte a\u00f1os de retrasos y enga\u00f1os. Quiz\u00e1 con una zona verde en el centro. La verdad, mejor no lo pueden tener. Lo de Gij\u00f3n al Norte, digo, es de una par\u00e1lisis total. Ojo, con unos gastos de 241.247 euros en personal. En julio de 2022 el Ayuntamiento le inst\u00f3 a urbanizar la parte selv\u00e1tica del \u00absolar\u00f3n\u00bb hasta el viaducto de Carlos Marx. Sin embargo, nada se ha hecho. Se limpia el chabolismo que se hab\u00eda montado en la zona y, a los cuatro d\u00edas, seguimos con las tiendas de campa\u00f1a. <strong>Filigranas va a tener que hacer el gobierno municipal para sacar adelante el proyecto.<\/strong> Tiene un gobierno central en funciones (no funcionando), el Principado que pasa de todo (siempre mostr\u00f3 una cierta indiferencia) y sin saber de d\u00f3nde va a salir el dinero (igual los 800 millones de euros prometidos acaban pagando la deuda de Catalu\u00f1a). Filigranas, repito.<\/p>\n<p><em><strong>@balbuenajm<\/strong><\/em><\/p>\n<!-- AddThis Advanced Settings generic via filter on the_content --><!-- AddThis Share Buttons generic via filter on the_content -->","protected":false},"excerpt":{"rendered":"<p>La reuni\u00f3n que tuvo lugar esta semana entre la alcaldesa (Carmen Moriy\u00f3n) y el presidente del Principado (Adri\u00e1n Barb\u00f3n) fue como un \u00abDej\u00e1\u00e0 vu\u00bb. Ya saben, esa sensaci\u00f3n de algo que ya se ha vivido. M\u00e1s que nada, porque volvieron a salir los temas de siempre. Plan de v\u00edas, vial de Jove, ZALIA, etc\u00e9tera. Esas [&hellip;]<!-- AddThis Advanced Settings generic via filter on get_the_excerpt --><!-- AddThis Share Buttons generic via filter on get_the_excerpt --><\/p>\n","protected":false},"author":5,"featured_media":0,"comment_status":"open","ping_status":"open","sticky":false,"template":"","format":"standard","meta":[],"categories":[1],"tags":[312,17,417,36,39],"_links":{"self":[{"href":"https:\/\/blogs.elcomercio.es\/retorcida-realidad\/wp-json\/wp\/v2\/posts\/7473"}],"collection":[{"href":"https:\/\/blogs.elcomercio.es\/retorcida-realidad\/wp-json\/wp\/v2\/posts"}],"about":[{"href":"https:\/\/blogs.elcomercio.es\/retorcida-realidad\/wp-json\/wp\/v2\/types\/post"}],"author":[{"embeddable":true,"href":"https:\/\/blogs.elcomercio.es\/retorcida-realidad\/wp-json\/wp\/v2\/users\/5"}],"replies":[{"embeddable":true,"href":"https:\/\/blogs.elcomercio.es\/retorcida-realidad\/wp-json\/wp\/v2\/comments?post=7473"}],"version-history":[{"count":1,"href":"https:\/\/blogs.elcomercio.es\/retorcida-realidad\/wp-json\/wp\/v2\/posts\/7473\/revisions"}],"predecessor-version":[{"id":7475,"href":"https:\/\/blogs.elcomercio.es\/retorcida-realidad\/wp-json\/wp\/v2\/posts\/7473\/revisions\/7475"}],"wp:attachment":[{"href":"https:\/\/blogs.elcomercio.es\/retorcida-realidad\/wp-json\/wp\/v2\/media?parent=7473"}],"wp:term":[{"taxonomy":"category","embeddable":true,"href":"https:\/\/blogs.elcomercio.es\/retorcida-realidad\/wp-json\/wp\/v2\/categories?post=7473"},{"taxonomy":"post_tag","embeddable":true,"href":"https:\/\/blogs.elcomercio.es\/retorcida-realidad\/wp-json\/wp\/v2\/tags?post=7473"}],"curies":[{"name":"wp","href":"https:\/\/api.w.org\/{rel}","templated":true}]}}