{"id":7477,"date":"2023-09-27T05:58:33","date_gmt":"2023-09-27T03:58:33","guid":{"rendered":"https:\/\/blogs.elcomercio.es\/retorcida-realidad\/?p=7477"},"modified":"2023-09-27T05:58:56","modified_gmt":"2023-09-27T03:58:56","slug":"una-historia-de-amor","status":"publish","type":"post","link":"https:\/\/blogs.elcomercio.es\/retorcida-realidad\/2023\/09\/27\/una-historia-de-amor\/","title":{"rendered":"Una historia de amor."},"content":{"rendered":"<p><a href=\"https:\/\/static-blogs.elcomercio.es\/wp-content\/uploads\/sites\/4\/2023\/09\/87507486-758x531.jpg\"><img loading=\"lazy\" class=\"size-medium wp-image-7478 alignleft\" src=\"https:\/\/static-blogs.elcomercio.es\/wp-content\/uploads\/sites\/4\/2023\/09\/87507486-758x531-300x210.jpg\" alt=\"\" width=\"300\" height=\"210\" srcset=\"https:\/\/static-blogs.elcomercio.es\/wp-content\/uploads\/sites\/4\/2023\/09\/87507486-758x531-300x210.jpg 300w, https:\/\/static-blogs.elcomercio.es\/wp-content\/uploads\/sites\/4\/2023\/09\/87507486-758x531.jpg 758w\" sizes=\"(max-width: 300px) 100vw, 300px\" \/><\/a>Normalmente, los domingos siempre se sumergen en la rutina. Pasan, dig\u00e1moslo as\u00ed, sin mayor pena ni gloria. Sin embargo, una noticia puede cambiar por completo esa languidez del d\u00eda festivo. Es el caso de este pasado. Saber que el director de este peri\u00f3dico, Marcelino Guti\u00e9rrez, hab\u00eda fallecido represent\u00f3 un dolor inmenso para todos aquellos que le conocimos. De hecho, ni siquiera quer\u00edamos creer que algo as\u00ed puede suceder, por inesperado y cruel en una persona tan joven. Fue como si la peor de las pesadillas tornase en realidad. Marcelino era discreto. Poco dado a darle un tono exagerado a su voz, pero con las palabras justas para hacerse entender. En cualquier conversaci\u00f3n uno se daba cuenta de que sus ideas eran claras y concisas. Nada de fuegos de artificio. Marce, como le llamaban en la redacci\u00f3n, iba al grano con sus planteamientos. Adem\u00e1s, ten\u00eda esos dones que otorgan grandeza: la humildad y el compa\u00f1erismo. Nunca se otorgaba ning\u00fan m\u00e9rito, aunque, como habr\u00e1n podido leer de quienes trabajaron codo a codo con \u00e9l, los ten\u00eda y muchos. Tambi\u00e9n debemos destacar su capacidad de trabajo. Infatigable y detallista para que cada d\u00eda saliese la edici\u00f3n perfecta. Un trabajo, digo, artesano que le hac\u00eda pasar muchas horas buscando el titular perfecto. Esa portada \u00fanica que sus lectores pudiesen disfrutar al d\u00eda siguiente. De car\u00e1cter t\u00edmido era poco amigo de las fiestas y en su filosof\u00eda de vida dejaba para otros el protagonismo. En m\u00e1s de una ocasi\u00f3n, esa parte de su cargo que exige ser relaciones p\u00fablicas, se le volv\u00eda un poco cuesta arriba. Ahora bien, nunca dej\u00f3 de estar donde deb\u00eda. Jam\u00e1s falt\u00f3 all\u00ed donde tuviese que ir en representaci\u00f3n de EL COMERCIO. Hablamos, pues, de que se ha acabado de forma s\u00fabita una historia de amor hacia la profesi\u00f3n period\u00edstica y esta ciudad. De lo primero, dan buena fe todos los testimonios que habr\u00e1n podido leer o escuchar. De lo segundo, el que su peri\u00f3dico es un referente para todos los gijoneses. Hasta siempre, Marcelino.<\/p>\n<p><em><strong>@balbuenajm<\/strong><\/em><\/p>\n<!-- AddThis Advanced Settings generic via filter on the_content --><!-- AddThis Share Buttons generic via filter on the_content -->","protected":false},"excerpt":{"rendered":"<p>Normalmente, los domingos siempre se sumergen en la rutina. Pasan, dig\u00e1moslo as\u00ed, sin mayor pena ni gloria. Sin embargo, una noticia puede cambiar por completo esa languidez del d\u00eda festivo. Es el caso de este pasado. Saber que el director de este peri\u00f3dico, Marcelino Guti\u00e9rrez, hab\u00eda fallecido represent\u00f3 un dolor inmenso para todos aquellos que [&hellip;]<!-- AddThis Advanced Settings generic via filter on get_the_excerpt --><!-- AddThis Share Buttons generic via filter on get_the_excerpt --><\/p>\n","protected":false},"author":5,"featured_media":0,"comment_status":"open","ping_status":"open","sticky":false,"template":"","format":"standard","meta":[],"categories":[1],"tags":[1318,17,1317],"_links":{"self":[{"href":"https:\/\/blogs.elcomercio.es\/retorcida-realidad\/wp-json\/wp\/v2\/posts\/7477"}],"collection":[{"href":"https:\/\/blogs.elcomercio.es\/retorcida-realidad\/wp-json\/wp\/v2\/posts"}],"about":[{"href":"https:\/\/blogs.elcomercio.es\/retorcida-realidad\/wp-json\/wp\/v2\/types\/post"}],"author":[{"embeddable":true,"href":"https:\/\/blogs.elcomercio.es\/retorcida-realidad\/wp-json\/wp\/v2\/users\/5"}],"replies":[{"embeddable":true,"href":"https:\/\/blogs.elcomercio.es\/retorcida-realidad\/wp-json\/wp\/v2\/comments?post=7477"}],"version-history":[{"count":1,"href":"https:\/\/blogs.elcomercio.es\/retorcida-realidad\/wp-json\/wp\/v2\/posts\/7477\/revisions"}],"predecessor-version":[{"id":7479,"href":"https:\/\/blogs.elcomercio.es\/retorcida-realidad\/wp-json\/wp\/v2\/posts\/7477\/revisions\/7479"}],"wp:attachment":[{"href":"https:\/\/blogs.elcomercio.es\/retorcida-realidad\/wp-json\/wp\/v2\/media?parent=7477"}],"wp:term":[{"taxonomy":"category","embeddable":true,"href":"https:\/\/blogs.elcomercio.es\/retorcida-realidad\/wp-json\/wp\/v2\/categories?post=7477"},{"taxonomy":"post_tag","embeddable":true,"href":"https:\/\/blogs.elcomercio.es\/retorcida-realidad\/wp-json\/wp\/v2\/tags?post=7477"}],"curies":[{"name":"wp","href":"https:\/\/api.w.org\/{rel}","templated":true}]}}