{"id":7480,"date":"2023-09-30T07:52:45","date_gmt":"2023-09-30T05:52:45","guid":{"rendered":"https:\/\/blogs.elcomercio.es\/retorcida-realidad\/?p=7480"},"modified":"2023-09-30T07:53:36","modified_gmt":"2023-09-30T05:53:36","slug":"los-pilares-de-gijon","status":"publish","type":"post","link":"https:\/\/blogs.elcomercio.es\/retorcida-realidad\/2023\/09\/30\/los-pilares-de-gijon\/","title":{"rendered":"Los pilares de Gij\u00f3n"},"content":{"rendered":"<p><a href=\"https:\/\/static-blogs.elcomercio.es\/wp-content\/uploads\/sites\/4\/2023\/09\/turistas-sanlo-simal-kPKI-758x531@El-Comercio.jpg\"><img loading=\"lazy\" class=\"size-medium wp-image-7481 alignleft\" src=\"https:\/\/static-blogs.elcomercio.es\/wp-content\/uploads\/sites\/4\/2023\/09\/turistas-sanlo-simal-kPKI-758x531@El-Comercio-300x210.jpg\" alt=\"\" width=\"300\" height=\"210\" srcset=\"https:\/\/static-blogs.elcomercio.es\/wp-content\/uploads\/sites\/4\/2023\/09\/turistas-sanlo-simal-kPKI-758x531@El-Comercio-300x210.jpg 300w, https:\/\/static-blogs.elcomercio.es\/wp-content\/uploads\/sites\/4\/2023\/09\/turistas-sanlo-simal-kPKI-758x531@El-Comercio.jpg 758w\" sizes=\"(max-width: 300px) 100vw, 300px\" \/><\/a>No solo fue una sensaci\u00f3n. Me refiero a que Gij\u00f3n estuvo a reventar durante este pasado periodo estival lo corroboran tambi\u00e9n los datos. <strong>Incluso el n\u00famero de turistas durante los meses de julio y agosto super\u00f3 al de habitantes.<\/strong> Andamos, en los ocho primeros meses del a\u00f1o, por los 1,1 millones de visitantes y 4 millones de pernoctaciones. Cifras que van camino de r\u00e9cord cuando acabe el a\u00f1o y dejando el list\u00f3n muy alto. Oigan, y esto ha causado cierta euforia. Es m\u00e1s, se habla de que este sector debe ser el principal motor econ\u00f3mico en la ciudad. Por otra parte, nada nuevo. Cuando se est\u00e1 inmerso en una burbuja -ocurri\u00f3 en el 2006 con el inmobiliario- tal parece que no hubiera un ma\u00f1ana. <strong>Es decir, que el turismo no viene y va, busca otros lugares cuando cambian las circunstancias o\u00a0 va a seguir siempre creciendo hasta el infinito.<\/strong> De hecho, y por la misma regla tres, en Madrid podr\u00edan decir lo mismo. S\u00ed, en ese horno que se convierte la capital durante el mes de agosto, tambi\u00e9n han tenido r\u00e9cord de visitantes. <strong>Lo que me sorprende, digo, es que no tengamos claro a estas alturas cu\u00e1les son los pilares de Gij\u00f3n.<\/strong> O sea, que se menosprecie a la industria que nos ha llevado a ser lo que somos. Nosotros sabemos hacer barcos, acero, trabajar el metal y, con las nuevas tecnolog\u00edas, ah\u00ed tenemos al parque Cient\u00edfico y Tecnol\u00f3gico como ejemplo de \u00e9xito. <strong>\u00bfQueremos cambiar ingenieros por camareros? Yo creo que no.<\/strong> <strong>Necesitamos tener una s\u00f3lida base industrial acompa\u00f1ada de un sector tur\u00edstico potente.<\/strong> Eso s\u00ed, que permita vivir a quienes aqu\u00ed residimos. Ahora bien, cambiar ese orden no es nada bueno. De hecho, recuerden, el turismo siempre es el recurso de los pobres. No ver\u00e1n a ning\u00fan pa\u00eds europeo (o mundial) de primer orden implorando la llegada de visitantes. Por tanto, debemos bajar este sufl\u00e9 que se ha creado. Ser conscientes, repito, que nuestros pilares de futuro econ\u00f3mico deben estar en otro lado.<\/p>\n<p><em><strong>@balbuenajm<\/strong><\/em><\/p>\n<!-- AddThis Advanced Settings generic via filter on the_content --><!-- AddThis Share Buttons generic via filter on the_content -->","protected":false},"excerpt":{"rendered":"<p>No solo fue una sensaci\u00f3n. Me refiero a que Gij\u00f3n estuvo a reventar durante este pasado periodo estival lo corroboran tambi\u00e9n los datos. Incluso el n\u00famero de turistas durante los meses de julio y agosto super\u00f3 al de habitantes. Andamos, en los ocho primeros meses del a\u00f1o, por los 1,1 millones de visitantes y 4 [&hellip;]<!-- AddThis Advanced Settings generic via filter on get_the_excerpt --><!-- AddThis Share Buttons generic via filter on get_the_excerpt --><\/p>\n","protected":false},"author":5,"featured_media":0,"comment_status":"open","ping_status":"open","sticky":false,"template":"","format":"standard","meta":[],"categories":[1],"tags":[312,487,17,404,413],"_links":{"self":[{"href":"https:\/\/blogs.elcomercio.es\/retorcida-realidad\/wp-json\/wp\/v2\/posts\/7480"}],"collection":[{"href":"https:\/\/blogs.elcomercio.es\/retorcida-realidad\/wp-json\/wp\/v2\/posts"}],"about":[{"href":"https:\/\/blogs.elcomercio.es\/retorcida-realidad\/wp-json\/wp\/v2\/types\/post"}],"author":[{"embeddable":true,"href":"https:\/\/blogs.elcomercio.es\/retorcida-realidad\/wp-json\/wp\/v2\/users\/5"}],"replies":[{"embeddable":true,"href":"https:\/\/blogs.elcomercio.es\/retorcida-realidad\/wp-json\/wp\/v2\/comments?post=7480"}],"version-history":[{"count":1,"href":"https:\/\/blogs.elcomercio.es\/retorcida-realidad\/wp-json\/wp\/v2\/posts\/7480\/revisions"}],"predecessor-version":[{"id":7482,"href":"https:\/\/blogs.elcomercio.es\/retorcida-realidad\/wp-json\/wp\/v2\/posts\/7480\/revisions\/7482"}],"wp:attachment":[{"href":"https:\/\/blogs.elcomercio.es\/retorcida-realidad\/wp-json\/wp\/v2\/media?parent=7480"}],"wp:term":[{"taxonomy":"category","embeddable":true,"href":"https:\/\/blogs.elcomercio.es\/retorcida-realidad\/wp-json\/wp\/v2\/categories?post=7480"},{"taxonomy":"post_tag","embeddable":true,"href":"https:\/\/blogs.elcomercio.es\/retorcida-realidad\/wp-json\/wp\/v2\/tags?post=7480"}],"curies":[{"name":"wp","href":"https:\/\/api.w.org\/{rel}","templated":true}]}}