{"id":7483,"date":"2023-10-03T06:13:47","date_gmt":"2023-10-03T04:13:47","guid":{"rendered":"https:\/\/blogs.elcomercio.es\/retorcida-realidad\/?p=7483"},"modified":"2023-10-03T06:15:00","modified_gmt":"2023-10-03T04:15:00","slug":"fe-de-vida","status":"publish","type":"post","link":"https:\/\/blogs.elcomercio.es\/retorcida-realidad\/2023\/10\/03\/fe-de-vida\/","title":{"rendered":"Fe de vida."},"content":{"rendered":"<p><a href=\"https:\/\/static-blogs.elcomercio.es\/wp-content\/uploads\/sites\/4\/2023\/10\/87697855-758x531.jpg\"><img loading=\"lazy\" class=\"size-medium wp-image-7484 alignleft\" src=\"https:\/\/static-blogs.elcomercio.es\/wp-content\/uploads\/sites\/4\/2023\/10\/87697855-758x531-300x210.jpg\" alt=\"\" width=\"300\" height=\"210\" srcset=\"https:\/\/static-blogs.elcomercio.es\/wp-content\/uploads\/sites\/4\/2023\/10\/87697855-758x531-300x210.jpg 300w, https:\/\/static-blogs.elcomercio.es\/wp-content\/uploads\/sites\/4\/2023\/10\/87697855-758x531.jpg 758w\" sizes=\"(max-width: 300px) 100vw, 300px\" \/><\/a>Poco a poco la vida municipal va cogiendo ritmo. Esto es, las concejal\u00edas est\u00e1n formadas y sus responsables en los distintos niveles nombrados. Incluso se van tomando medidas que a unos gustan y a otros no. O sea, existen apoyos y cr\u00edticas. <strong>En definitiva, tenemos la legislatura en marcha<\/strong>. Sin embargo, hay cosas que parece que todav\u00eda no han empezado a rodar. Me refiero al papel de los distintos grupos pol\u00edticos tras el 28 de mayo. Mientras el gobierno municipal est\u00e1 listo y organizado, la oposici\u00f3n no tanto. <strong>M\u00e1s que nada, puesto que el principal grupo, a la postre, el PSOE, se encuentra perdido. Envuelto en un shock emocional tras no conseguir revalidar el poder.<\/strong> Algo, claro, que ya le pas\u00f3 en 2011 cuando tras 35 a\u00f1os de gobierno municipal tuvo que pasar al lado contrario. Por aquel entonces, una desconocida <em>Carmen Moriy\u00f3n<\/em> les arrebat\u00f3 el bast\u00f3n de mando, dejando al hegem\u00f3nico socialismo gijon\u00e9s pensando durante mucho tiempo qu\u00e9 les hab\u00eda pasado. Algo parecido, insisto, a lo que estamos viendo en la actualidad. <strong>En t\u00e9rminos box\u00edsticos es como si estuviesen en una esquina cogiendo aire, tras haber recibido un buen golpe de su adversario.<\/strong> De hecho, su primera cr\u00edtica seria al tripartito se ha producido este pasado s\u00e1bado. Con puesta en escena en la Casa del Pueblo en el que estuvieron presentes varios ediles y el propio <em>Luis Manuel Fl\u00f3rez, \u00abFloro\u00bb.<\/em> Esto es, hemos tenido que esperar cien d\u00edas.<\/p>\n<p>Ahora bien, su socio en el anterior mandato (IU) en absoluto ha esperado. Los dos concejales de la formaci\u00f3n no han parado de criticar las medidas tomadas, por ejemplo, en materia de movilidad. Sobre todo, porque se han basado en desmontar las aplicadas por la coalici\u00f3n en la anterior legislatura. Con u\u00f1as y dientes, digo, han defendido ese modelo de ciudad que pretend\u00edan materializar. Mientras tanto, en el grupo municipal del PSOE se percibe un problema claro de liderazgo. <strong>Todav\u00eda no sabemos muy bien qui\u00e9n lleva la voz cantante, ni tampoco la l\u00ednea de oposici\u00f3n que van a seguir.<\/strong> Tal parece que las tareas de cada edil no se encuentran definidas de manera clara y se ve un cierto desorden interno. A modo de ejemplo, tenemos el escaso papel que est\u00e1 jugando quien fuera n\u00famero uno de su formaci\u00f3n. \u00abFloro\u00bb apenas interviene en los plenos municipales, dejando un vac\u00edo incomprensible para quien deber\u00eda ser el referente de su formaci\u00f3n. En fin, al menos, el pasado s\u00e1bado, nos han dado una fe de vida.<\/p>\n<p><em><strong>@balbuenajm<\/strong><\/em><\/p>\n<!-- AddThis Advanced Settings generic via filter on the_content --><!-- AddThis Share Buttons generic via filter on the_content -->","protected":false},"excerpt":{"rendered":"<p>Poco a poco la vida municipal va cogiendo ritmo. Esto es, las concejal\u00edas est\u00e1n formadas y sus responsables en los distintos niveles nombrados. Incluso se van tomando medidas que a unos gustan y a otros no. O sea, existen apoyos y cr\u00edticas. En definitiva, tenemos la legislatura en marcha. Sin embargo, hay cosas que parece [&hellip;]<!-- AddThis Advanced Settings generic via filter on get_the_excerpt --><!-- AddThis Share Buttons generic via filter on get_the_excerpt --><\/p>\n","protected":false},"author":5,"featured_media":0,"comment_status":"open","ping_status":"open","sticky":false,"template":"","format":"standard","meta":[],"categories":[1],"tags":[312,236,17,126,114,23],"_links":{"self":[{"href":"https:\/\/blogs.elcomercio.es\/retorcida-realidad\/wp-json\/wp\/v2\/posts\/7483"}],"collection":[{"href":"https:\/\/blogs.elcomercio.es\/retorcida-realidad\/wp-json\/wp\/v2\/posts"}],"about":[{"href":"https:\/\/blogs.elcomercio.es\/retorcida-realidad\/wp-json\/wp\/v2\/types\/post"}],"author":[{"embeddable":true,"href":"https:\/\/blogs.elcomercio.es\/retorcida-realidad\/wp-json\/wp\/v2\/users\/5"}],"replies":[{"embeddable":true,"href":"https:\/\/blogs.elcomercio.es\/retorcida-realidad\/wp-json\/wp\/v2\/comments?post=7483"}],"version-history":[{"count":1,"href":"https:\/\/blogs.elcomercio.es\/retorcida-realidad\/wp-json\/wp\/v2\/posts\/7483\/revisions"}],"predecessor-version":[{"id":7485,"href":"https:\/\/blogs.elcomercio.es\/retorcida-realidad\/wp-json\/wp\/v2\/posts\/7483\/revisions\/7485"}],"wp:attachment":[{"href":"https:\/\/blogs.elcomercio.es\/retorcida-realidad\/wp-json\/wp\/v2\/media?parent=7483"}],"wp:term":[{"taxonomy":"category","embeddable":true,"href":"https:\/\/blogs.elcomercio.es\/retorcida-realidad\/wp-json\/wp\/v2\/categories?post=7483"},{"taxonomy":"post_tag","embeddable":true,"href":"https:\/\/blogs.elcomercio.es\/retorcida-realidad\/wp-json\/wp\/v2\/tags?post=7483"}],"curies":[{"name":"wp","href":"https:\/\/api.w.org\/{rel}","templated":true}]}}