{"id":7487,"date":"2023-10-05T06:27:14","date_gmt":"2023-10-05T04:27:14","guid":{"rendered":"https:\/\/blogs.elcomercio.es\/retorcida-realidad\/?p=7487"},"modified":"2023-10-05T06:27:16","modified_gmt":"2023-10-05T04:27:16","slug":"acabose","status":"publish","type":"post","link":"https:\/\/blogs.elcomercio.es\/retorcida-realidad\/2023\/10\/05\/acabose\/","title":{"rendered":"Acabose."},"content":{"rendered":"<p><a href=\"https:\/\/static-blogs.elcomercio.es\/wp-content\/uploads\/sites\/4\/2023\/10\/87816822-758x531.jpg\"><img loading=\"lazy\" class=\"size-medium wp-image-7488 alignleft\" src=\"https:\/\/static-blogs.elcomercio.es\/wp-content\/uploads\/sites\/4\/2023\/10\/87816822-758x531-300x210.jpg\" alt=\"\" width=\"300\" height=\"210\" srcset=\"https:\/\/static-blogs.elcomercio.es\/wp-content\/uploads\/sites\/4\/2023\/10\/87816822-758x531-300x210.jpg 300w, https:\/\/static-blogs.elcomercio.es\/wp-content\/uploads\/sites\/4\/2023\/10\/87816822-758x531.jpg 758w\" sizes=\"(max-width: 300px) 100vw, 300px\" \/><\/a>Desde esta humilde columna ya lo hab\u00edamos advertido. Ten\u00edamos mucha curiosidad por ver la programaci\u00f3n que iba a ofrecer Vox en el \u00e1rea que controla. A la postre, la concejal\u00eda de Festejos. <strong>Pues bien, no hubo que esperar mucho para echarse las manos a la cabeza.<\/strong> La edil multicargo, <em>Sara \u00c1lvarez Rouco<\/em>, ofreci\u00f3 una rueda de prensa donde desmontaba por completo el Festival Internacional de Cine de Gij\u00f3n (FICX). Primero, quit\u00e1ndole su esencia al alejarlo del cine independiente y segundo, dijo, eliminando cualquier tipo de sectarismo o ideolog\u00eda. <strong>Eso s\u00ed, para imponer la m\u00eda.<\/strong> Su propuesta era tan infumable que hasta el propio partido daba un premio por esos presuntos valores que dice defender. En fin, como digo, no hay por donde cogerlo. Al parecer, el FICX fue la gota que colm\u00f3 el vaso en este tripartito que no lleva ni cuatro meses funcionando. Nuestra alcaldesa, <em>Carmen Moriy\u00f3n, h<\/em>a dicho basta de forma clara y contundente ante semejante patada. Rompe y expulsa del Gobierno local a los miembros de la formaci\u00f3n de Santiago Abascal en <em>\u00abuna decisi\u00f3n muy mediata\u00bb<\/em>, porque no estaba a gusto con ellos No solo era cuesti\u00f3n del cine, tambi\u00e9n hab\u00eda m\u00e1s cosas detr\u00e1s. Entre ellas, tal y como confes\u00f3 la propia Moriy\u00f3n, problemas con las ordenanzas fiscales. Da por finiquitado el pacto que a mala gana firm\u00f3 y que, recuerden, produjo una fuerte marejada interna en Foro. Tanta, que el sector asturianista se fue al ver como se trituraba a la Llingua. Ahora, nos quedan dudas de c\u00f3mo quedar\u00e1 la legislatura.<strong> Si ser\u00e1 un mar de inestabilidad o Foro tiene un plan B ante esta nueva tesitura.<\/strong> Es decir, un as bajo la manga para que de todos modos siga teniendo la mayor\u00eda suficiente para gobernar junto con el PP. Ap\u00fantense esta segunda teor\u00eda porque puede ser la buena. Ah\u00ed lo dejo. <strong>En cualquier caso, no podemos hablar de que se acaba un romance, puesto que nunca lo hubo. Fue un matrimonio de conveniencia y eso siempre sale mal<\/strong>. Vamos a decirlo en el idioma que m\u00e1s le gusta a Vox: el asturiano. Acabose.<\/p>\n<p><em><strong>@balbuenajm<\/strong><\/em><\/p>\n<!-- AddThis Advanced Settings generic via filter on the_content --><!-- AddThis Share Buttons generic via filter on the_content -->","protected":false},"excerpt":{"rendered":"<p>Desde esta humilde columna ya lo hab\u00edamos advertido. Ten\u00edamos mucha curiosidad por ver la programaci\u00f3n que iba a ofrecer Vox en el \u00e1rea que controla. A la postre, la concejal\u00eda de Festejos. Pues bien, no hubo que esperar mucho para echarse las manos a la cabeza. La edil multicargo, Sara \u00c1lvarez Rouco, ofreci\u00f3 una rueda [&hellip;]<!-- AddThis Advanced Settings generic via filter on get_the_excerpt --><!-- AddThis Share Buttons generic via filter on get_the_excerpt --><\/p>\n","protected":false},"author":5,"featured_media":0,"comment_status":"open","ping_status":"open","sticky":false,"template":"","format":"standard","meta":[],"categories":[1],"tags":[312,236,17,1264,114,496],"_links":{"self":[{"href":"https:\/\/blogs.elcomercio.es\/retorcida-realidad\/wp-json\/wp\/v2\/posts\/7487"}],"collection":[{"href":"https:\/\/blogs.elcomercio.es\/retorcida-realidad\/wp-json\/wp\/v2\/posts"}],"about":[{"href":"https:\/\/blogs.elcomercio.es\/retorcida-realidad\/wp-json\/wp\/v2\/types\/post"}],"author":[{"embeddable":true,"href":"https:\/\/blogs.elcomercio.es\/retorcida-realidad\/wp-json\/wp\/v2\/users\/5"}],"replies":[{"embeddable":true,"href":"https:\/\/blogs.elcomercio.es\/retorcida-realidad\/wp-json\/wp\/v2\/comments?post=7487"}],"version-history":[{"count":1,"href":"https:\/\/blogs.elcomercio.es\/retorcida-realidad\/wp-json\/wp\/v2\/posts\/7487\/revisions"}],"predecessor-version":[{"id":7489,"href":"https:\/\/blogs.elcomercio.es\/retorcida-realidad\/wp-json\/wp\/v2\/posts\/7487\/revisions\/7489"}],"wp:attachment":[{"href":"https:\/\/blogs.elcomercio.es\/retorcida-realidad\/wp-json\/wp\/v2\/media?parent=7487"}],"wp:term":[{"taxonomy":"category","embeddable":true,"href":"https:\/\/blogs.elcomercio.es\/retorcida-realidad\/wp-json\/wp\/v2\/categories?post=7487"},{"taxonomy":"post_tag","embeddable":true,"href":"https:\/\/blogs.elcomercio.es\/retorcida-realidad\/wp-json\/wp\/v2\/tags?post=7487"}],"curies":[{"name":"wp","href":"https:\/\/api.w.org\/{rel}","templated":true}]}}