{"id":7490,"date":"2023-10-07T08:41:35","date_gmt":"2023-10-07T06:41:35","guid":{"rendered":"https:\/\/blogs.elcomercio.es\/retorcida-realidad\/?p=7490"},"modified":"2023-10-07T08:41:46","modified_gmt":"2023-10-07T06:41:46","slug":"el-reinicio","status":"publish","type":"post","link":"https:\/\/blogs.elcomercio.es\/retorcida-realidad\/2023\/10\/07\/el-reinicio\/","title":{"rendered":"El reinicio."},"content":{"rendered":"<p><a href=\"https:\/\/static-blogs.elcomercio.es\/wp-content\/uploads\/sites\/4\/2023\/10\/87816815-758x531.jpg\"><img loading=\"lazy\" class=\"size-medium wp-image-7491 alignleft\" src=\"https:\/\/static-blogs.elcomercio.es\/wp-content\/uploads\/sites\/4\/2023\/10\/87816815-758x531-300x210.jpg\" alt=\"\" width=\"300\" height=\"210\" srcset=\"https:\/\/static-blogs.elcomercio.es\/wp-content\/uploads\/sites\/4\/2023\/10\/87816815-758x531-300x210.jpg 300w, https:\/\/static-blogs.elcomercio.es\/wp-content\/uploads\/sites\/4\/2023\/10\/87816815-758x531.jpg 758w\" sizes=\"(max-width: 300px) 100vw, 300px\" \/><\/a>Todos sab\u00edamos que lo del primer tripartito en Gij\u00f3n no iba a ser sencillo. O sea, que antes o despu\u00e9s surgir\u00edan dificultades. Si ya es complicado cuando se forma una coalici\u00f3n (dos formaciones en el gobierno), imag\u00ednense si a\u00f1adimos una tercera a la ecuaci\u00f3n (encima siendo de corte radical). <strong>Ahora bien, nadie pod\u00eda sospechar que el pacto de la derecha cayera tan r\u00e1pido.<\/strong> Es decir, que al primer soplido se desmoronarse la casa que tanto les cost\u00f3 levantar, como alternativa a la hegemon\u00eda hist\u00f3rica que siempre muestra la izquierda en nuestra ciudad. Sin duda, y seg\u00fan las declaraciones de <em>Carmen Moriy\u00f3n<\/em>, la clave ha estado en el comportamiento de Vox. Con una concejala feroz,<em> Sara \u00c1lvarez Rouco<\/em>, que parece tener en el partido su cortijo, utiliz\u00e1ndolo presuntamente como agencia de colocaci\u00f3n de sus familiares en los consejos de direcci\u00f3n (Moriy\u00f3n dixit). <strong>No solo acumula (o quiere acumular) cargos sin parar, sino que tambi\u00e9n muestra maneras y formas estridentes.<\/strong> De hecho, en sus primeras apariciones ya levant\u00f3 una buena polvareda con el tema del asturiano, siendo lo del festival de cine la traca final. <strong>En definitiva, que cada vez que abre la boca sube el precio del pan.<\/strong> Todo lo contrario que su compa\u00f1ero, <em>Oliver Su\u00e1rez,<\/em> que parece subyugado a su figura. Resumiendo, el deterioro en las relaciones entre Foro y Vox -con importante marejada de fondo a tenor de las acusaciones mutuas- empez\u00f3 casi desde el primer d\u00eda despu\u00e9s de firmar el pacto. Por eso, seg\u00fan la alcaldesa, ha sido necesario \u00abresetear\u00bb la legislatura. Eso s\u00ed, a\u00f1adi\u00e9ndole mucha m\u00e1s dificultad de la prevista. En la actualidad, por ejemplo, no sabemos de d\u00f3nde va a salir el \u00fanico voto necesario para aprobar los presupuestos del pr\u00f3ximo ejercicio.<strong> Desde luego, Foro que no cuente con la izquierda (pese a que en general aplaude la expulsi\u00f3n), ni tampoco con Vox (dispuesto a seguir incendiando lo que sea desde la oposici\u00f3n).<\/strong> Incluso podemos llegar a ver curiosidades como que la extrema derecha vote lo mismo que la izquierda m\u00e1s all\u00e1 del PSOE. Todo es posible en este nuevo escenario despu\u00e9s del <em>\u201cse acab\u00f3\u201d<\/em> del pasado mi\u00e9rcoles. De momento, qu\u00e9dense con que el ahora bipartito municipal tendr\u00e1 que buscarse a toda costa la estabilidad. <strong>El problema es que no sabemos d\u00f3nde.<\/strong><\/p>\n<p><em><strong>@balbuenajm<\/strong><\/em><\/p>\n<!-- AddThis Advanced Settings generic via filter on the_content --><!-- AddThis Share Buttons generic via filter on the_content -->","protected":false},"excerpt":{"rendered":"<p>Todos sab\u00edamos que lo del primer tripartito en Gij\u00f3n no iba a ser sencillo. O sea, que antes o despu\u00e9s surgir\u00edan dificultades. Si ya es complicado cuando se forma una coalici\u00f3n (dos formaciones en el gobierno), imag\u00ednense si a\u00f1adimos una tercera a la ecuaci\u00f3n (encima siendo de corte radical). Ahora bien, nadie pod\u00eda sospechar que [&hellip;]<!-- AddThis Advanced Settings generic via filter on get_the_excerpt --><!-- AddThis Share Buttons generic via filter on get_the_excerpt --><\/p>\n","protected":false},"author":5,"featured_media":0,"comment_status":"open","ping_status":"open","sticky":false,"template":"","format":"standard","meta":[],"categories":[1],"tags":[312,1319,236,17,126,114,23,496],"_links":{"self":[{"href":"https:\/\/blogs.elcomercio.es\/retorcida-realidad\/wp-json\/wp\/v2\/posts\/7490"}],"collection":[{"href":"https:\/\/blogs.elcomercio.es\/retorcida-realidad\/wp-json\/wp\/v2\/posts"}],"about":[{"href":"https:\/\/blogs.elcomercio.es\/retorcida-realidad\/wp-json\/wp\/v2\/types\/post"}],"author":[{"embeddable":true,"href":"https:\/\/blogs.elcomercio.es\/retorcida-realidad\/wp-json\/wp\/v2\/users\/5"}],"replies":[{"embeddable":true,"href":"https:\/\/blogs.elcomercio.es\/retorcida-realidad\/wp-json\/wp\/v2\/comments?post=7490"}],"version-history":[{"count":1,"href":"https:\/\/blogs.elcomercio.es\/retorcida-realidad\/wp-json\/wp\/v2\/posts\/7490\/revisions"}],"predecessor-version":[{"id":7492,"href":"https:\/\/blogs.elcomercio.es\/retorcida-realidad\/wp-json\/wp\/v2\/posts\/7490\/revisions\/7492"}],"wp:attachment":[{"href":"https:\/\/blogs.elcomercio.es\/retorcida-realidad\/wp-json\/wp\/v2\/media?parent=7490"}],"wp:term":[{"taxonomy":"category","embeddable":true,"href":"https:\/\/blogs.elcomercio.es\/retorcida-realidad\/wp-json\/wp\/v2\/categories?post=7490"},{"taxonomy":"post_tag","embeddable":true,"href":"https:\/\/blogs.elcomercio.es\/retorcida-realidad\/wp-json\/wp\/v2\/tags?post=7490"}],"curies":[{"name":"wp","href":"https:\/\/api.w.org\/{rel}","templated":true}]}}