{"id":7497,"date":"2023-10-14T08:02:53","date_gmt":"2023-10-14T06:02:53","guid":{"rendered":"https:\/\/blogs.elcomercio.es\/retorcida-realidad\/?p=7497"},"modified":"2023-10-14T08:03:06","modified_gmt":"2023-10-14T06:03:06","slug":"la-primera-piedra","status":"publish","type":"post","link":"https:\/\/blogs.elcomercio.es\/retorcida-realidad\/2023\/10\/14\/la-primera-piedra\/","title":{"rendered":"La primera piedra."},"content":{"rendered":"<p><a href=\"https:\/\/static-blogs.elcomercio.es\/wp-content\/uploads\/sites\/4\/2023\/10\/88086591-758x531.jpg\"><img loading=\"lazy\" class=\"size-medium wp-image-7498 alignleft\" src=\"https:\/\/static-blogs.elcomercio.es\/wp-content\/uploads\/sites\/4\/2023\/10\/88086591-758x531-300x210.jpg\" alt=\"\" width=\"300\" height=\"210\" srcset=\"https:\/\/static-blogs.elcomercio.es\/wp-content\/uploads\/sites\/4\/2023\/10\/88086591-758x531-300x210.jpg 300w, https:\/\/static-blogs.elcomercio.es\/wp-content\/uploads\/sites\/4\/2023\/10\/88086591-758x531.jpg 758w\" sizes=\"(max-width: 300px) 100vw, 300px\" \/><\/a>Vox implosion\u00f3. Eso lo sab\u00edamos todos despu\u00e9s de que su exconcejal, <em>Oliver Su\u00e1rez<\/em>, hiciese declaraciones cr\u00edticas hacia la formaci\u00f3n. La cuesti\u00f3n era, pues, saber si lo echaban o se marchaba \u00e9l. Fue lo segundo. Mientras se celebraba el \u00faltimo Pleno, mandaba un comunicado diciendo que se daba de baja y pasaba a tener la condici\u00f3n de no adscrito.<strong> Como digo, algo extra\u00f1o en las formas, pero nada nuevo porque el camino de esta crisis en el gobierno municipal parec\u00eda marcado desde hace tiempo<\/strong>. En concreto, cuando la portavoz, <em>Sara \u00c1lvarez Rouco<\/em>, acab\u00f3 con la paciencia de nuestra alcaldesa, <em>Carmen Moriy\u00f3n<\/em>, a cuenta del Festival Internacional de Cine de Xix\u00f3n (FICX). La oposici\u00f3n habla de \u00abtransfuguismo indecente\u00bb y maniobra orquestada. Es decir, que todo estaba preparado entre Foro y Su\u00e1rez para que as\u00ed sucediese. <strong>La verdad, s\u00ed parece que existe una cierta sinton\u00eda entre ambas partes, pero eso no quiere decir que se hubiese dise\u00f1ado previamente.<\/strong> O sea, que exista alg\u00fan incentivo hacia el presidente de Divertia para forzar los acontecimientos. De hecho, solo la impericia de Vox a la hora de gobernar ha sido la causa. Primero, pregonando esa persecuci\u00f3n hacia el asturiano y segundo, intentado convertir el FICX en algo rancio. Seguramente, donde volver\u00edan a verse grandes \u00e9xitos como <em>\u00abMarcelino pan y vino\u00bb.<\/em> Miren ustedes, este tipo de cosas suceden en pol\u00edtica. No es la primera vez que un cargo abandona su partido, ni ser\u00e1 la \u00faltima. <strong>El meollo est\u00e1 en saber si fue incentivado. Esto es, si hubo una especie de compra.<\/strong> Durante la aprobaci\u00f3n de los presentes presupuestos del Principado, el PSOE obtuvo el s\u00ed de un diputado que hab\u00edan expulsado de Ciudadanos, Armando Fern\u00e1ndez Bartolom\u00e9. Entonces, \u00bfse negoci\u00f3 tambi\u00e9n con un tr\u00e1nsfuga? Nos gustar\u00e1 m\u00e1s o menos, ser\u00e1 \u00e9tico o no, pero la Ley est\u00e1 as\u00ed. Resumiendo, al igual que dijo Jesucristo en el templo ante los escribas y fariseos: \u00abEl que est\u00e9 sin pecado, que tire la primera piedra\u00bb.<\/p>\n<p><em><strong>@balbuenajm<\/strong><\/em><\/p>\n<!-- AddThis Advanced Settings generic via filter on the_content --><!-- AddThis Share Buttons generic via filter on the_content -->","protected":false},"excerpt":{"rendered":"<p>Vox implosion\u00f3. Eso lo sab\u00edamos todos despu\u00e9s de que su exconcejal, Oliver Su\u00e1rez, hiciese declaraciones cr\u00edticas hacia la formaci\u00f3n. La cuesti\u00f3n era, pues, saber si lo echaban o se marchaba \u00e9l. Fue lo segundo. Mientras se celebraba el \u00faltimo Pleno, mandaba un comunicado diciendo que se daba de baja y pasaba a tener la condici\u00f3n [&hellip;]<!-- AddThis Advanced Settings generic via filter on get_the_excerpt --><!-- AddThis Share Buttons generic via filter on get_the_excerpt --><\/p>\n","protected":false},"author":5,"featured_media":0,"comment_status":"open","ping_status":"open","sticky":false,"template":"","format":"standard","meta":[],"categories":[1],"tags":[312,236,17,126,66,114,23,496],"_links":{"self":[{"href":"https:\/\/blogs.elcomercio.es\/retorcida-realidad\/wp-json\/wp\/v2\/posts\/7497"}],"collection":[{"href":"https:\/\/blogs.elcomercio.es\/retorcida-realidad\/wp-json\/wp\/v2\/posts"}],"about":[{"href":"https:\/\/blogs.elcomercio.es\/retorcida-realidad\/wp-json\/wp\/v2\/types\/post"}],"author":[{"embeddable":true,"href":"https:\/\/blogs.elcomercio.es\/retorcida-realidad\/wp-json\/wp\/v2\/users\/5"}],"replies":[{"embeddable":true,"href":"https:\/\/blogs.elcomercio.es\/retorcida-realidad\/wp-json\/wp\/v2\/comments?post=7497"}],"version-history":[{"count":1,"href":"https:\/\/blogs.elcomercio.es\/retorcida-realidad\/wp-json\/wp\/v2\/posts\/7497\/revisions"}],"predecessor-version":[{"id":7499,"href":"https:\/\/blogs.elcomercio.es\/retorcida-realidad\/wp-json\/wp\/v2\/posts\/7497\/revisions\/7499"}],"wp:attachment":[{"href":"https:\/\/blogs.elcomercio.es\/retorcida-realidad\/wp-json\/wp\/v2\/media?parent=7497"}],"wp:term":[{"taxonomy":"category","embeddable":true,"href":"https:\/\/blogs.elcomercio.es\/retorcida-realidad\/wp-json\/wp\/v2\/categories?post=7497"},{"taxonomy":"post_tag","embeddable":true,"href":"https:\/\/blogs.elcomercio.es\/retorcida-realidad\/wp-json\/wp\/v2\/tags?post=7497"}],"curies":[{"name":"wp","href":"https:\/\/api.w.org\/{rel}","templated":true}]}}