{"id":75,"date":"2007-12-16T14:43:17","date_gmt":"2007-12-16T14:43:17","guid":{"rendered":"http:\/\/blogs.elcomercio.es\/retorcida-realidad\/?p=75"},"modified":"2007-12-16T14:43:17","modified_gmt":"2007-12-16T14:43:17","slug":"curiosas-teorias-sobre-conejos-y-propinas-economicas","status":"publish","type":"post","link":"https:\/\/blogs.elcomercio.es\/retorcida-realidad\/2007\/12\/16\/curiosas-teorias-sobre-conejos-y-propinas-economicas\/","title":{"rendered":"Curiosas teor\u00edas (sobre conejos y propinas) econ\u00f3micas."},"content":{"rendered":"<p><big>Bien, el fin de semana -como coment\u00e1bamos hace unas fechas- estuvo marcado por la inflaci\u00f3n. M\u00e1s en concreto por, no s\u00f3lo su agobiante impacto sobre las econom\u00edas dom\u00e9sticas, sino tambi\u00e9n por si el Gobierno puede o no hacer algo para combatirla. Hace poco les dec\u00eda que, por afectar la misma a materias primas que tienen una repercusi\u00f3n importante en la cesta de la compra, el margen para la intervenci\u00f3n era escaso (salvo recurrir a la pol\u00edtica fiscal, claro est\u00e1). Ahora bien, de esto a ciertas genialidades que se escuchan por ah\u00ed, va un trecho. El secretario general de Agricultura y Alimentaci\u00f3n, como medida para evitar la subida de precios en Navidad, nos invita a utilizar \u00abproductos de sustituci\u00f3n\u00bb. M\u00e1s en concreto a \u00abcambiar el tradicional cochinillo o cordero por carne de conejo que es m\u00e1s barata\u00bb. De hecho, en un alarde erudici\u00f3n, nos dice que dicho animal tiene, \u00abuna carne sana, ligera, muy apetecible y barata\u00bb. En fin, s\u00f3lo se me ocurren dos cosas ante semejante pijada. Una, \u00bfpor qu\u00e9 no entonces cambiar la achicoria por el caf\u00e9, o carne de caballo por la de ternera como en los peores tiempos de la posguerra? Y la segunda, \u00bflo har\u00e1 \u00e9l esta pr\u00f3xima Nochebuena? Por otra parte, el vicepresidente segundo del Gobierno y ministro de Econom\u00eda, Pedro Solbes, aseguraba que la inflaci\u00f3n se debe en parte a que \u00abno interiorizamos lo que significa un euro\u00bb. Y pon\u00eda el siguiente ejemplo. \u00abEn Espa\u00f1a\u00bb, dijo, \u00abno se ha interiorizado que un euro equivale a 166 pesetas y que dejar un euro de propina por dos caf\u00e9s es exagerado\u00bb. En fin, se me vuelven a ocurrir dos preguntas ante semejante teor\u00eda. Primera, \u00bfes que en Francia, Portugal o Italia lo han asimilado y aqu\u00ed no despu\u00e9s de 5 a\u00f1os de su entrada en vigor?. Y segunda, \u00bfen qu\u00e9 lugar se deja un euro de propina por dos caf\u00e9s que me pongo yo a trabajar de camarero ma\u00f1ana mismo? Concluyamos: el Gobierno no sabe de caf\u00e9s. Hace un tiempo, y a tenor de una intervenci\u00f3n televisiva, el propio Presidente se\u00f1alaba que el precio del mismo era de 80 c\u00e9ntimos y, ahora, ya ven, todo un ministro de Econom\u00eda deja un euro de propina por cada dos.<\/big><\/p>\n<!-- AddThis Advanced Settings generic via filter on the_content --><!-- AddThis Share Buttons generic via filter on the_content -->","protected":false},"excerpt":{"rendered":"<p>Bien, el fin de semana -como coment\u00e1bamos hace unas fechas- estuvo marcado por la inflaci\u00f3n. M\u00e1s en concreto por, no s\u00f3lo su agobiante impacto sobre las econom\u00edas dom\u00e9sticas, sino tambi\u00e9n por si el Gobierno puede o no hacer algo para combatirla. Hace poco les dec\u00eda que, por afectar la misma a materias primas que tienen [&hellip;]<!-- AddThis Advanced Settings generic via filter on get_the_excerpt --><!-- AddThis Share Buttons generic via filter on get_the_excerpt --><\/p>\n","protected":false},"author":5,"featured_media":0,"comment_status":"open","ping_status":"closed","sticky":false,"template":"","format":"standard","meta":[],"categories":[2],"tags":[],"_links":{"self":[{"href":"https:\/\/blogs.elcomercio.es\/retorcida-realidad\/wp-json\/wp\/v2\/posts\/75"}],"collection":[{"href":"https:\/\/blogs.elcomercio.es\/retorcida-realidad\/wp-json\/wp\/v2\/posts"}],"about":[{"href":"https:\/\/blogs.elcomercio.es\/retorcida-realidad\/wp-json\/wp\/v2\/types\/post"}],"author":[{"embeddable":true,"href":"https:\/\/blogs.elcomercio.es\/retorcida-realidad\/wp-json\/wp\/v2\/users\/5"}],"replies":[{"embeddable":true,"href":"https:\/\/blogs.elcomercio.es\/retorcida-realidad\/wp-json\/wp\/v2\/comments?post=75"}],"version-history":[{"count":0,"href":"https:\/\/blogs.elcomercio.es\/retorcida-realidad\/wp-json\/wp\/v2\/posts\/75\/revisions"}],"wp:attachment":[{"href":"https:\/\/blogs.elcomercio.es\/retorcida-realidad\/wp-json\/wp\/v2\/media?parent=75"}],"wp:term":[{"taxonomy":"category","embeddable":true,"href":"https:\/\/blogs.elcomercio.es\/retorcida-realidad\/wp-json\/wp\/v2\/categories?post=75"},{"taxonomy":"post_tag","embeddable":true,"href":"https:\/\/blogs.elcomercio.es\/retorcida-realidad\/wp-json\/wp\/v2\/tags?post=75"}],"curies":[{"name":"wp","href":"https:\/\/api.w.org\/{rel}","templated":true}]}}