{"id":7500,"date":"2023-10-17T06:43:58","date_gmt":"2023-10-17T04:43:58","guid":{"rendered":"https:\/\/blogs.elcomercio.es\/retorcida-realidad\/?p=7500"},"modified":"2023-10-17T06:43:58","modified_gmt":"2023-10-17T04:43:58","slug":"salvar-empresas","status":"publish","type":"post","link":"https:\/\/blogs.elcomercio.es\/retorcida-realidad\/2023\/10\/17\/salvar-empresas\/","title":{"rendered":"Salvar empresas."},"content":{"rendered":"<p><a href=\"https:\/\/static-blogs.elcomercio.es\/wp-content\/uploads\/sites\/4\/2023\/10\/88155588-758x531.jpg\"><img loading=\"lazy\" class=\"size-medium wp-image-7501 alignleft\" src=\"https:\/\/static-blogs.elcomercio.es\/wp-content\/uploads\/sites\/4\/2023\/10\/88155588-758x531-300x210.jpg\" alt=\"\" width=\"300\" height=\"210\" srcset=\"https:\/\/static-blogs.elcomercio.es\/wp-content\/uploads\/sites\/4\/2023\/10\/88155588-758x531-300x210.jpg 300w, https:\/\/static-blogs.elcomercio.es\/wp-content\/uploads\/sites\/4\/2023\/10\/88155588-758x531.jpg 758w\" sizes=\"(max-width: 300px) 100vw, 300px\" \/><\/a>\u00bfSe acuerdan de la campa\u00f1a electoral? \u00bfCu\u00e1l era el proyecto estrella para los partidos? S\u00ed, la reforma de El Muro. Todos ten\u00edan su idea de c\u00f3mo deb\u00eda remodelarse el paseo desde posiciones muy dispares. El PSOE con un proyecto propio que hab\u00eda presentado, junto con su socio de IU. En cambio, por el otro lado, se debat\u00edan entre el PP (partidario de actuaciones en superficie) y Foro (optando por el soterramiento). Sin embargo, con el devenir de la legislatura las actuaciones sobre tan ic\u00f3nico lugar han ido perdiendo fuerza. De hecho, la propia alcaldesa, <em>Carmen Moriy\u00f3n,<\/em> dec\u00eda en estas mismas p\u00e1ginas hace unas semanas: <em>\u00abSoterrar no es una prioridad, el compromiso es estudiar si es viable\u00bb.<\/em> O sea, que pasa a un segundo plano esa soluci\u00f3n total y para los pr\u00f3ximos 50 a\u00f1os que representa horadar el subsuelo de Rufo Rendueles, conform\u00e1ndonos con volver a la situaci\u00f3n anterior a la pandemia. Esto es, que se encuentre abierto al tr\u00e1fico en ambas direcciones. <strong>Sin duda, aqu\u00ed tienen un cambio de objetivo que se traducir\u00e1 en que, seguramente, no veamos ning\u00fan avance significativo en la remodelaci\u00f3n.<\/strong><\/p>\n<p>Por otra parte, s\u00ed parece que hay mayor empe\u00f1o respecto a los terrenos de Naval Gij\u00f3n. Es decir, en fomentar ese parque empresarial ligado a la econom\u00eda azul. El Ayuntamiento ya ha ofertado para comprar una parte y est\u00e1 a la espera de como involucrar a la Autoridad Portuaria en la otra. En la actualidad, podr\u00edamos decir que es la actuaci\u00f3n estrella que se han marcado desde el gobierno local. Exactamente igual que El Solar\u00f3n contin\u00fae siendo un parque para solaz de los gijoneses. Sin embargo, en este giro de 360 grados en los objetivos originales, debemos incluir tambi\u00e9n la salvaci\u00f3n de las empresas municipales. L<strong>a delicada situaci\u00f3n financiera de la Empresa Municipal de Servicios de Medio Ambiente Urbano (Emulsa) hace que sea prioritario garantizar su viabilidad.<\/strong> No solo pagando m\u00e1s por parte de los particulares (subida de un 30% en la tasa de basura), sino cobrando de forma efectiva por sus servicios (con pasmo descubrimos que el Principado abona 26 euros cada dos meses por sus servicios en la Universidad Laboral). Algo que ha hecho que Emulsa se encuentre al l\u00edmite en cuanto a recursos. <strong>Es m\u00e1s, parece que va a resultar dif\u00edcil cuadrar una gesti\u00f3n que est\u00e1 llena de sombras, a no ser que reciba m\u00e1s fondos. <\/strong>Como ven, las cosas cambian y las prioridades tambi\u00e9n. Ahora toca, antes que nada, salvar empresas.<\/p>\n<p><em><strong>@balbuenajm<\/strong><\/em><\/p>\n<!-- AddThis Advanced Settings generic via filter on the_content --><!-- AddThis Share Buttons generic via filter on the_content -->","protected":false},"excerpt":{"rendered":"<p>\u00bfSe acuerdan de la campa\u00f1a electoral? \u00bfCu\u00e1l era el proyecto estrella para los partidos? S\u00ed, la reforma de El Muro. Todos ten\u00edan su idea de c\u00f3mo deb\u00eda remodelarse el paseo desde posiciones muy dispares. El PSOE con un proyecto propio que hab\u00eda presentado, junto con su socio de IU. En cambio, por el otro lado, [&hellip;]<!-- AddThis Advanced Settings generic via filter on get_the_excerpt --><!-- AddThis Share Buttons generic via filter on get_the_excerpt --><\/p>\n","protected":false},"author":5,"featured_media":0,"comment_status":"open","ping_status":"open","sticky":false,"template":"","format":"standard","meta":[],"categories":[1],"tags":[312,189,236,17,114,23],"_links":{"self":[{"href":"https:\/\/blogs.elcomercio.es\/retorcida-realidad\/wp-json\/wp\/v2\/posts\/7500"}],"collection":[{"href":"https:\/\/blogs.elcomercio.es\/retorcida-realidad\/wp-json\/wp\/v2\/posts"}],"about":[{"href":"https:\/\/blogs.elcomercio.es\/retorcida-realidad\/wp-json\/wp\/v2\/types\/post"}],"author":[{"embeddable":true,"href":"https:\/\/blogs.elcomercio.es\/retorcida-realidad\/wp-json\/wp\/v2\/users\/5"}],"replies":[{"embeddable":true,"href":"https:\/\/blogs.elcomercio.es\/retorcida-realidad\/wp-json\/wp\/v2\/comments?post=7500"}],"version-history":[{"count":1,"href":"https:\/\/blogs.elcomercio.es\/retorcida-realidad\/wp-json\/wp\/v2\/posts\/7500\/revisions"}],"predecessor-version":[{"id":7502,"href":"https:\/\/blogs.elcomercio.es\/retorcida-realidad\/wp-json\/wp\/v2\/posts\/7500\/revisions\/7502"}],"wp:attachment":[{"href":"https:\/\/blogs.elcomercio.es\/retorcida-realidad\/wp-json\/wp\/v2\/media?parent=7500"}],"wp:term":[{"taxonomy":"category","embeddable":true,"href":"https:\/\/blogs.elcomercio.es\/retorcida-realidad\/wp-json\/wp\/v2\/categories?post=7500"},{"taxonomy":"post_tag","embeddable":true,"href":"https:\/\/blogs.elcomercio.es\/retorcida-realidad\/wp-json\/wp\/v2\/tags?post=7500"}],"curies":[{"name":"wp","href":"https:\/\/api.w.org\/{rel}","templated":true}]}}