{"id":7503,"date":"2023-10-21T08:11:48","date_gmt":"2023-10-21T06:11:48","guid":{"rendered":"https:\/\/blogs.elcomercio.es\/retorcida-realidad\/?p=7503"},"modified":"2023-10-21T08:19:41","modified_gmt":"2023-10-21T06:19:41","slug":"truco-o-trato-3","status":"publish","type":"post","link":"https:\/\/blogs.elcomercio.es\/retorcida-realidad\/2023\/10\/21\/truco-o-trato-3\/","title":{"rendered":"Truco o trato."},"content":{"rendered":"<p><a href=\"https:\/\/static-blogs.elcomercio.es\/wp-content\/uploads\/sites\/4\/2023\/10\/foto.jpeg\"><img loading=\"lazy\" class=\"size-medium wp-image-7504 alignleft\" src=\"https:\/\/static-blogs.elcomercio.es\/wp-content\/uploads\/sites\/4\/2023\/10\/foto-300x210.jpeg\" alt=\"\" width=\"300\" height=\"210\" srcset=\"https:\/\/static-blogs.elcomercio.es\/wp-content\/uploads\/sites\/4\/2023\/10\/foto-300x210.jpeg 300w, https:\/\/static-blogs.elcomercio.es\/wp-content\/uploads\/sites\/4\/2023\/10\/foto.jpeg 758w\" sizes=\"(max-width: 300px) 100vw, 300px\" \/><\/a>Truco. <strong>Al principio, la operaci\u00f3n para el desarrollo de los terrenos del antiguo astillero de Naval Gij\u00f3n tuvo un cierto tono sentimental.<\/strong> Recordemos que nuestra alcaldesa, <em>Carmen Moriy\u00f3n,<\/em> dec\u00eda en julio: <em>\u00abEs hora de que el Puerto tambi\u00e9n quiera a Gij\u00f3n\u00bb<\/em>. Se\u00f1alando, claro, la indudable vinculaci\u00f3n que existe entre la entidad portuaria y la ciudad. M\u00e1s o menos, el argumento esgrimido era que se nos deb\u00eda una. Es decir, estamos sufriendo episodios peri\u00f3dicos de contaminaci\u00f3n (el carb\u00f3n de la playa o el tr\u00e1nsito de tr\u00e1fico pesado en La Calzada, por ejemplo) y queremos compensaciones. En concreto, que la Autoridad Portuaria se involucrase en la creaci\u00f3n de una industria limpia vinculada al mar, tal y como se\u00f1ala el Plan General de Ordenaci\u00f3n (PGO) vigente.<strong> Entendimos, pues, que se tratar\u00eda de alg\u00fan tipo de consorcio o similar donde el Ayuntamiento tendr\u00eda que desembolsar lo m\u00ednimo o nada.<\/strong> Entre otras cosas, porque de aquella se hablaba de la falta de recursos municipales para afrontar semejante desembolso. O sea, no se pod\u00eda plantear directamente la compra del suelo, algo que se reservaba para la parte propiedad de Pymar que solo pretende la pasta y punto.<\/p>\n<p>Trato. Sin embargo, lo que el jueves nos plantearon desde el Ayuntamiento y la Autoridad Portuaria fue una compraventa en toda regla. Con \u00ab<em>flexibilidad<\/em>\u00bb (est\u00e1 por ver cu\u00e1l) en el precio y plazos, pero con un importante desembolso municipal a todas luces. Desde luego, es una buena noticia que se afronte la regeneraci\u00f3n urbana de esa parte tan degradada de El Natahoyo, aunque no sea como se ten\u00eda planeado.<strong> Tambi\u00e9n para el Puerto porque, si no le llega a salir un comprador p\u00fablico, tampoco hubiera encontrado mucho inter\u00e9s desde la iniciativa privada en hacerse con su suelo (60.036 metros cuadrados).<\/strong> Sobre todo, puesto que solo a un 20% se le puede dar edificaci\u00f3n residencial. <strong>Entonces, podr\u00edamos decir, ahora que se acerca Halloween, que tenemos un trato, pero no un truco.<\/strong><\/p>\n<!-- AddThis Advanced Settings generic via filter on the_content --><!-- AddThis Share Buttons generic via filter on the_content -->","protected":false},"excerpt":{"rendered":"<p>Truco. Al principio, la operaci\u00f3n para el desarrollo de los terrenos del antiguo astillero de Naval Gij\u00f3n tuvo un cierto tono sentimental. Recordemos que nuestra alcaldesa, Carmen Moriy\u00f3n, dec\u00eda en julio: \u00abEs hora de que el Puerto tambi\u00e9n quiera a Gij\u00f3n\u00bb. Se\u00f1alando, claro, la indudable vinculaci\u00f3n que existe entre la entidad portuaria y la ciudad. [&hellip;]<!-- AddThis Advanced Settings generic via filter on get_the_excerpt --><!-- AddThis Share Buttons generic via filter on get_the_excerpt --><\/p>\n","protected":false},"author":5,"featured_media":0,"comment_status":"open","ping_status":"open","sticky":false,"template":"","format":"standard","meta":[],"categories":[1],"tags":[246,312,125,17,19],"_links":{"self":[{"href":"https:\/\/blogs.elcomercio.es\/retorcida-realidad\/wp-json\/wp\/v2\/posts\/7503"}],"collection":[{"href":"https:\/\/blogs.elcomercio.es\/retorcida-realidad\/wp-json\/wp\/v2\/posts"}],"about":[{"href":"https:\/\/blogs.elcomercio.es\/retorcida-realidad\/wp-json\/wp\/v2\/types\/post"}],"author":[{"embeddable":true,"href":"https:\/\/blogs.elcomercio.es\/retorcida-realidad\/wp-json\/wp\/v2\/users\/5"}],"replies":[{"embeddable":true,"href":"https:\/\/blogs.elcomercio.es\/retorcida-realidad\/wp-json\/wp\/v2\/comments?post=7503"}],"version-history":[{"count":1,"href":"https:\/\/blogs.elcomercio.es\/retorcida-realidad\/wp-json\/wp\/v2\/posts\/7503\/revisions"}],"predecessor-version":[{"id":7505,"href":"https:\/\/blogs.elcomercio.es\/retorcida-realidad\/wp-json\/wp\/v2\/posts\/7503\/revisions\/7505"}],"wp:attachment":[{"href":"https:\/\/blogs.elcomercio.es\/retorcida-realidad\/wp-json\/wp\/v2\/media?parent=7503"}],"wp:term":[{"taxonomy":"category","embeddable":true,"href":"https:\/\/blogs.elcomercio.es\/retorcida-realidad\/wp-json\/wp\/v2\/categories?post=7503"},{"taxonomy":"post_tag","embeddable":true,"href":"https:\/\/blogs.elcomercio.es\/retorcida-realidad\/wp-json\/wp\/v2\/tags?post=7503"}],"curies":[{"name":"wp","href":"https:\/\/api.w.org\/{rel}","templated":true}]}}