{"id":7507,"date":"2023-10-25T06:05:54","date_gmt":"2023-10-25T04:05:54","guid":{"rendered":"https:\/\/blogs.elcomercio.es\/retorcida-realidad\/?p=7507"},"modified":"2023-10-25T06:07:14","modified_gmt":"2023-10-25T04:07:14","slug":"la-sopa-y-el-tenedor","status":"publish","type":"post","link":"https:\/\/blogs.elcomercio.es\/retorcida-realidad\/2023\/10\/25\/la-sopa-y-el-tenedor\/","title":{"rendered":"La sopa y el tenedor."},"content":{"rendered":"<p><a href=\"https:\/\/static-blogs.elcomercio.es\/wp-content\/uploads\/sites\/4\/2023\/10\/88322899-758x531.jpg-copia.jpg\"><img loading=\"lazy\" class=\"size-medium wp-image-7508 alignleft\" src=\"https:\/\/static-blogs.elcomercio.es\/wp-content\/uploads\/sites\/4\/2023\/10\/88322899-758x531.jpg-copia-300x210.jpg\" alt=\"\" width=\"300\" height=\"210\" srcset=\"https:\/\/static-blogs.elcomercio.es\/wp-content\/uploads\/sites\/4\/2023\/10\/88322899-758x531.jpg-copia-300x210.jpg 300w, https:\/\/static-blogs.elcomercio.es\/wp-content\/uploads\/sites\/4\/2023\/10\/88322899-758x531.jpg-copia.jpg 758w\" sizes=\"(max-width: 300px) 100vw, 300px\" \/><\/a>A tenor de la crisis que est\u00e1n sufriendo las empresas municipales, resulta sorprendente escuchar algunas cosas. <strong>En concreto, la petici\u00f3n de que no se utilicen dichas entidades con fines pol\u00edticos, cuando, en realidad, eso es imposible.<\/strong> <strong>Es decir, no se puede separar su car\u00e1cter p\u00fablico de la pol\u00edtica.<\/strong> D\u00edganme si no, en el caso de la Empresa Municipal de Servicios de Medio Ambiente Urbano (Emulsa), qu\u00e9 sociedad similar en el \u00e1mbito privado deja de cobrar (o lo hace mal) 2,2 millones de euros. Con episodios tan rocambolescos como los 26 euros que recibe por la limpieza de la Universidad Laboral de forma bimestral, o que al Servicio de Salud del Principado (Sespa) le salga los centros de salud a un precio muy inferior al del mercado. Por no mencionar, claro, la chusca contabilidad que refleja unas reservas de m\u00e1s de 15 millones de euros que no aparecen por ning\u00fan lado. <strong>En la Empresa Municipal de Transportes Urbanos (Emtusa), la influencia pol\u00edtica est\u00e1 incluso m\u00e1s clara.<\/strong> Las sucesivas bajadas del precio del billete -algunas propiciadas desde el Gobierno central- han obligado a que tenga que ser inyectada con fondos municipales de forma constante. Debido tambi\u00e9n a la ca\u00edda de viajeros tras la pandemia y el fuerte incremento en el precio de los combustibles. <strong>Con la excusa de fomentar el transporte colectivo, se han tomado decisiones que la han puesto al l\u00edmite.<\/strong> Ahora, lo que tenemos, es una Emtusa que vive del <em>\u00abfalso gratis\u00bb<\/em>. <strong>Esto es, que vende lo barato del abono o un billete, pero que en realidad no lo es porque acabamos pag\u00e1ndolo todos. Quienes utilizan el servicio y quienes no.<\/strong> Llevamos 11,7 millones de euros de aportaci\u00f3n municipal, a lo que es necesario sumar 491.100 euros que se aprobar\u00e1n en el pr\u00f3ximo pleno. Como ven, la cuesti\u00f3n no es que a nuestras empresas p\u00fablicas les eliminen su car\u00e1cter pol\u00edtico, lo cual, resulta a todas luces inveros\u00edmil, sino que se gestionen bien. Esto es, respondan a criterios de eficiencia y eficacia, adem\u00e1s de servicio que eso se le da por descontando.<\/p>\n<p>Sin duda, esta fuerte crisis en la gesti\u00f3n (lo que es) debe resultar cat\u00e1rtica. <strong>Hay que implementar los mecanismos para que cosas as\u00ed no vuelvan a suceder.<\/strong> O sea, que nos encontremos con sociedades descapitalizadas y sin margen de maniobra para realizar inversiones. Lo contrario, seguir en la misma l\u00ednea bajo el todopoderoso argumento de lo p\u00fablico, es como tomar la sopa con un tenedor.<\/p>\n<p><em><strong>@balbuenajm<\/strong><\/em><\/p>\n<!-- AddThis Advanced Settings generic via filter on the_content --><!-- AddThis Share Buttons generic via filter on the_content -->","protected":false},"excerpt":{"rendered":"<p>A tenor de la crisis que est\u00e1n sufriendo las empresas municipales, resulta sorprendente escuchar algunas cosas. En concreto, la petici\u00f3n de que no se utilicen dichas entidades con fines pol\u00edticos, cuando, en realidad, eso es imposible. Es decir, no se puede separar su car\u00e1cter p\u00fablico de la pol\u00edtica. D\u00edganme si no, en el caso de [&hellip;]<!-- AddThis Advanced Settings generic via filter on get_the_excerpt --><!-- AddThis Share Buttons generic via filter on get_the_excerpt --><\/p>\n","protected":false},"author":5,"featured_media":0,"comment_status":"open","ping_status":"open","sticky":false,"template":"","format":"standard","meta":[],"categories":[1],"tags":[312,1316,709,189,17],"_links":{"self":[{"href":"https:\/\/blogs.elcomercio.es\/retorcida-realidad\/wp-json\/wp\/v2\/posts\/7507"}],"collection":[{"href":"https:\/\/blogs.elcomercio.es\/retorcida-realidad\/wp-json\/wp\/v2\/posts"}],"about":[{"href":"https:\/\/blogs.elcomercio.es\/retorcida-realidad\/wp-json\/wp\/v2\/types\/post"}],"author":[{"embeddable":true,"href":"https:\/\/blogs.elcomercio.es\/retorcida-realidad\/wp-json\/wp\/v2\/users\/5"}],"replies":[{"embeddable":true,"href":"https:\/\/blogs.elcomercio.es\/retorcida-realidad\/wp-json\/wp\/v2\/comments?post=7507"}],"version-history":[{"count":1,"href":"https:\/\/blogs.elcomercio.es\/retorcida-realidad\/wp-json\/wp\/v2\/posts\/7507\/revisions"}],"predecessor-version":[{"id":7509,"href":"https:\/\/blogs.elcomercio.es\/retorcida-realidad\/wp-json\/wp\/v2\/posts\/7507\/revisions\/7509"}],"wp:attachment":[{"href":"https:\/\/blogs.elcomercio.es\/retorcida-realidad\/wp-json\/wp\/v2\/media?parent=7507"}],"wp:term":[{"taxonomy":"category","embeddable":true,"href":"https:\/\/blogs.elcomercio.es\/retorcida-realidad\/wp-json\/wp\/v2\/categories?post=7507"},{"taxonomy":"post_tag","embeddable":true,"href":"https:\/\/blogs.elcomercio.es\/retorcida-realidad\/wp-json\/wp\/v2\/tags?post=7507"}],"curies":[{"name":"wp","href":"https:\/\/api.w.org\/{rel}","templated":true}]}}